{"id":65488,"date":"2017-05-29T16:55:18","date_gmt":"2017-05-29T13:55:18","guid":{"rendered":"http:\/\/www.sana.sy\/es\/?p=65488"},"modified":"2017-05-29T18:14:48","modified_gmt":"2017-05-29T15:14:48","slug":"se-reanuda-evacuacion-de-extremistas-armados-del-barrio-capitalino-de-barzeh","status":"publish","type":"post","link":"https:\/\/archive.sana.sy\/es\/?p=65488","title":{"rendered":"Se reanuda evacuaci\u00f3n de extremistas armados del barrio capitalino de Barzeh"},"content":{"rendered":"<p>Damasco, SANA<\/p>\n<p>El gobernador de Damasco, Bishr Sabban, anunci\u00f3<br \/>\nla finalizaci\u00f3n de la \u00faltima fase del acuerdo de arreglo del barrio de Barzeh.<\/p>\n<p>La ultima fase incluye la salida de 1012 personas, entre ellas 455 armados.<\/p>\n<p>La tercera fase del acuerdo que concluy\u00f3 el d\u00eda 20 de este mes, incluy\u00f3 la salida de 2.672 personas, incluyendo 1.076 armados extremistas.<\/p>\n<p>El \u00faltimo grupo de armados salieron hacia Idleb o el norte de Alepo, y as\u00ed se declarar\u00e1 al barrio libre de las armas y de los armados.<\/p>\n<p>Fadi M.-Y.K.<\/p>\n","protected":false},"excerpt":{"rendered":"<p>Damasco, SANA El gobernador de Damasco, Bishr Sabban, anunci\u00f3 la finalizaci\u00f3n de la \u00faltima fase del acuerdo de arreglo del barrio de Barzeh. La ultima fase incluye la salida de 1012 personas, entre ellas 455 armados. La tercera fase del acuerdo que concluy\u00f3 el d\u00eda 20 de este mes, incluy\u00f3 la salida de 2.672 personas, &hellip;<\/p>\n","protected":false},"author":1,"featured_media":65489,"comment_status":"closed","ping_status":"closed","sticky":false,"template":"","format":"standard","meta":{"footnotes":""},"categories":[477,476,583,7541],"tags":[],"class_list":["post-65488","post","type-post","status-publish","format-standard","has-post-thumbnail","","category-noticias-edulcorantes","category-locales","category-slide","category-ultimas-noticias"],"_links":{"self":[{"href":"https:\/\/archive.sana.sy\/es\/index.php?rest_route=\/wp\/v2\/posts\/65488"}],"collection":[{"href":"https:\/\/archive.sana.sy\/es\/index.php?rest_route=\/wp\/v2\/posts"}],"about":[{"href":"https:\/\/archive.sana.sy\/es\/index.php?rest_route=\/wp\/v2\/types\/post"}],"author":[{"embeddable":true,"href":"https:\/\/archive.sana.sy\/es\/index.php?rest_route=\/wp\/v2\/users\/1"}],"replies":[{"embeddable":true,"href":"https:\/\/archive.sana.sy\/es\/index.php?rest_route=%2Fwp%2Fv2%2Fcomments&post=65488"}],"version-history":[{"count":0,"href":"https:\/\/archive.sana.sy\/es\/index.php?rest_route=\/wp\/v2\/posts\/65488\/revisions"}],"wp:featuredmedia":[{"embeddable":true,"href":"https:\/\/archive.sana.sy\/es\/index.php?rest_route=\/wp\/v2\/media\/65489"}],"wp:attachment":[{"href":"https:\/\/archive.sana.sy\/es\/index.php?rest_route=%2Fwp%2Fv2%2Fmedia&parent=65488"}],"wp:term":[{"taxonomy":"category","embeddable":true,"href":"https:\/\/archive.sana.sy\/es\/index.php?rest_route=%2Fwp%2Fv2%2Fcategories&post=65488"},{"taxonomy":"post_tag","embeddable":true,"href":"https:\/\/archive.sana.sy\/es\/index.php?rest_route=%2Fwp%2Fv2%2Ftags&post=65488"}],"curies":[{"name":"wp","href":"https:\/\/api.w.org\/{rel}","templated":true}]}}