{"id":65491,"date":"2017-05-29T17:02:52","date_gmt":"2017-05-29T14:02:52","guid":{"rendered":"http:\/\/www.sana.sy\/es\/?p=65491"},"modified":"2017-05-29T17:02:52","modified_gmt":"2017-05-29T14:02:52","slug":"nuevos-ataques-terroristas-contra-deir-ezzor-y-homs-dejan-muertos-y-heridos","status":"publish","type":"post","link":"https:\/\/archive.sana.sy\/es\/?p=65491","title":{"rendered":"Nuevos ataques terroristas contra Deir Ezzor y Homs dejan muertos y heridos\u00a0"},"content":{"rendered":"<p>Provincias, SANA<\/p>\n<p>Una mujer perdi\u00f3 la vida y cuatro civiles resultaron heridos en ataques con cohetes disparados por terroristas del Daesh contra el barrio residencial de Al-Qussur, en la ciudad de Deir Ezzor.<\/p>\n<p>El jefe del Departamento de Salud de la provincia de Deir Ezzor, Abdul Nayyem Obeid, dijo que se proporcionaron los primeros auxilios a los heridos, mientras que se est\u00e1 tratando a los casos cr\u00edticos.<\/p>\n<p>El d\u00eda 24 de este mes, dos ni\u00f1os murieron en semejantes ataque de los terroristas del Daesh.<\/p>\n<p>Mientras en Homs 4 personas perdieron la vida, entre ellas un menor, y dos resultaron heridas, cuando un misil lanzado por terroristas pertenecientes a la organizaci\u00f3n terrorista del EIIL impact\u00f3 en el poblado de Mkharam, campo este de Homs.<\/p>\n<p>La explosi\u00f3n del mil dej\u00f3 adem\u00e1s da\u00f1os materiales en las casas de los ciudadanos.<\/p>\n<p>Fadi M.-Y.K.<\/p>\n","protected":false},"excerpt":{"rendered":"<p>Provincias, SANA Una mujer perdi\u00f3 la vida y cuatro civiles resultaron heridos en ataques con cohetes disparados por terroristas del Daesh contra el barrio residencial de Al-Qussur, en la ciudad de Deir Ezzor. El jefe del Departamento de Salud de la provincia de Deir Ezzor, Abdul Nayyem Obeid, dijo que se proporcionaron los primeros auxilios &hellip;<\/p>\n","protected":false},"author":1,"featured_media":65492,"comment_status":"closed","ping_status":"closed","sticky":false,"template":"","format":"standard","meta":{"footnotes":""},"categories":[573,583,7541],"tags":[],"class_list":["post-65491","post","type-post","status-publish","format-standard","has-post-thumbnail","","category-la-realidad-de-los-acontecimientos-en-siria","category-slide","category-ultimas-noticias"],"_links":{"self":[{"href":"https:\/\/archive.sana.sy\/es\/index.php?rest_route=\/wp\/v2\/posts\/65491"}],"collection":[{"href":"https:\/\/archive.sana.sy\/es\/index.php?rest_route=\/wp\/v2\/posts"}],"about":[{"href":"https:\/\/archive.sana.sy\/es\/index.php?rest_route=\/wp\/v2\/types\/post"}],"author":[{"embeddable":true,"href":"https:\/\/archive.sana.sy\/es\/index.php?rest_route=\/wp\/v2\/users\/1"}],"replies":[{"embeddable":true,"href":"https:\/\/archive.sana.sy\/es\/index.php?rest_route=%2Fwp%2Fv2%2Fcomments&post=65491"}],"version-history":[{"count":0,"href":"https:\/\/archive.sana.sy\/es\/index.php?rest_route=\/wp\/v2\/posts\/65491\/revisions"}],"wp:featuredmedia":[{"embeddable":true,"href":"https:\/\/archive.sana.sy\/es\/index.php?rest_route=\/wp\/v2\/media\/65492"}],"wp:attachment":[{"href":"https:\/\/archive.sana.sy\/es\/index.php?rest_route=%2Fwp%2Fv2%2Fmedia&parent=65491"}],"wp:term":[{"taxonomy":"category","embeddable":true,"href":"https:\/\/archive.sana.sy\/es\/index.php?rest_route=%2Fwp%2Fv2%2Fcategories&post=65491"},{"taxonomy":"post_tag","embeddable":true,"href":"https:\/\/archive.sana.sy\/es\/index.php?rest_route=%2Fwp%2Fv2%2Ftags&post=65491"}],"curies":[{"name":"wp","href":"https:\/\/api.w.org\/{rel}","templated":true}]}}