{"id":6553,"date":"2014-08-07T23:50:52","date_gmt":"2014-08-07T20:50:52","guid":{"rendered":"http:\/\/www.sana.sy\/es\/?p=6553"},"modified":"2023-01-09T14:10:40","modified_gmt":"2023-01-09T12:10:40","slug":"el-gobernador-de-alepo-examina-con-la-fao-la-accion-conjunta","status":"publish","type":"post","link":"https:\/\/archive.sana.sy\/es\/?p=6553","title":{"rendered":"El gobernador de Alepo examina con la FAO la acci\u00f3n conjunta"},"content":{"rendered":"<p><span>Alepo-SANA<\/span><\/p>\n<p>El gobernador de Alepo Mohammed Waheed Aqqad examin\u00f3 con la representante de la Organizaci\u00f3n de las Naciones Unidas para la Agricultura y la Alimentaci\u00f3n \u00a8FAO\u00a8, Eriko Hibi, la acci\u00f3n conjunta entre Siria y La FAO y los planes encaminados a garantizar las necesidades de los campesinos y ganaderos.<\/p>\n<p>El Gobernador de Alepo llam\u00f3 la FAO a estudiar la posibilidad de rehabilitar algunos establecimientos agr\u00edcolas da\u00f1ados.<\/p>\n<p>El Gobernador destac\u00f3 la disposici\u00f3n de la gobernaci\u00f3n a proporcionar todo el apoyo necesario para garantizar la llegada de las ayudas a los necesitados, explicando que todos los establecimientos agr\u00edcolas y las asociaciones civiles brindar\u00e1n apoyo a la FAO.<\/p>\n<p>De igual modo agreg\u00f3 que las ayudas presentadas por la FAO en el a\u00f1o pasado, eran insuficientes en comparaci\u00f3n con las necesidades de los agricultores afectados por el terrorismo.<\/p>\n<p>Por su parte, Hibi explic\u00f3 que el objetivo de su visita es conocer los da\u00f1os del sector agr\u00edcola e identificar los requisitos y las necesidades de la actual y futura etapa, lo que permitir\u00eda establecer un plan de respuesta para la aplicaci\u00f3n de los programas de ayudas humanitarias y de socorro, se\u00f1alando que los datos recogidos contribuir\u00e1n a obtener m\u00e1s fondos para los planes y programas de la Organizaci\u00f3n.<\/p>\n<p>Asimismo aclar\u00f3 que la FAO en colaboraci\u00f3n con el Ministerio de Agricultura y Reforma, ha establecido proyectos que requieren de un presupuesto estimado en 43 mill\u00f3n de d\u00f3lares, de los cuales solamente ha obtenido 7 millones de d\u00f3lares, hecho que ha repercutido negativamente en la ejecuci\u00f3n de dichos proyectos.<\/p>\n<p><span style=\"color: #333399\">Yamil K.<\/span><\/p>\n","protected":false},"excerpt":{"rendered":"<p>Alepo-SANA El gobernador de Alepo Mohammed Waheed Aqqad examin\u00f3 con la representante de la Organizaci\u00f3n de las Naciones Unidas para la Agricultura y la Alimentaci\u00f3n \u00a8FAO\u00a8, Eriko Hibi, la acci\u00f3n conjunta entre Siria y La FAO y los planes encaminados a garantizar las necesidades de los campesinos y ganaderos. El Gobernador de Alepo llam\u00f3 la &hellip;<\/p>\n","protected":false},"author":1,"featured_media":6554,"comment_status":"closed","ping_status":"closed","sticky":false,"template":"","format":"standard","meta":{"footnotes":""},"categories":[476,576],"tags":[],"class_list":["post-6553","post","type-post","status-publish","format-standard","has-post-thumbnail","","category-locales","category-noticias-politicas"],"_links":{"self":[{"href":"https:\/\/archive.sana.sy\/es\/index.php?rest_route=\/wp\/v2\/posts\/6553"}],"collection":[{"href":"https:\/\/archive.sana.sy\/es\/index.php?rest_route=\/wp\/v2\/posts"}],"about":[{"href":"https:\/\/archive.sana.sy\/es\/index.php?rest_route=\/wp\/v2\/types\/post"}],"author":[{"embeddable":true,"href":"https:\/\/archive.sana.sy\/es\/index.php?rest_route=\/wp\/v2\/users\/1"}],"replies":[{"embeddable":true,"href":"https:\/\/archive.sana.sy\/es\/index.php?rest_route=%2Fwp%2Fv2%2Fcomments&post=6553"}],"version-history":[{"count":0,"href":"https:\/\/archive.sana.sy\/es\/index.php?rest_route=\/wp\/v2\/posts\/6553\/revisions"}],"wp:featuredmedia":[{"embeddable":true,"href":"https:\/\/archive.sana.sy\/es\/index.php?rest_route=\/wp\/v2\/media\/6554"}],"wp:attachment":[{"href":"https:\/\/archive.sana.sy\/es\/index.php?rest_route=%2Fwp%2Fv2%2Fmedia&parent=6553"}],"wp:term":[{"taxonomy":"category","embeddable":true,"href":"https:\/\/archive.sana.sy\/es\/index.php?rest_route=%2Fwp%2Fv2%2Fcategories&post=6553"},{"taxonomy":"post_tag","embeddable":true,"href":"https:\/\/archive.sana.sy\/es\/index.php?rest_route=%2Fwp%2Fv2%2Ftags&post=6553"}],"curies":[{"name":"wp","href":"https:\/\/api.w.org\/{rel}","templated":true}]}}