{"id":65615,"date":"2017-06-01T17:23:14","date_gmt":"2017-06-01T14:23:14","guid":{"rendered":"http:\/\/www.sana.sy\/es\/?p=65615"},"modified":"2017-06-01T17:23:38","modified_gmt":"2017-06-01T14:23:38","slug":"gobierno-aprueba-plan-integral-para-desarrollar-el-sector-de-la-aduana","status":"publish","type":"post","link":"https:\/\/archive.sana.sy\/es\/?p=65615","title":{"rendered":"Gobierno aprueba plan integral para desarrollar el sector de la Aduana"},"content":{"rendered":"<p>Damasco, SANA<\/p>\n<p>El primer ministro, Imad Kahmis, encabez\u00f3 una reuni\u00f3n de trabajo en la sede de la Direcci\u00f3n General de Aduanas, durante la cual se debati\u00f3 y se aprob\u00f3 un plan de acci\u00f3n integral encaminado a desarrollar el sector aduanero para que desempe\u00f1e su rol esperado en la econom\u00eda nacional.<\/p>\n<p>La reuni\u00f3n va en el marco del inter\u00e9s del gobierno para hacer un salto cualitativo en el trabajo del sector de aduanas debido a su papel importante y vital para la econom\u00eda nacional y los ingresos que logra para el Tesoro del Estado.<\/p>\n<p>En cuando a la rehabilitaci\u00f3n y formaci\u00f3n administrativa, el plan aprobado incluye la realizaci\u00f3n (en un periodo m\u00e1ximo de 20 d\u00edas) de una evaluaci\u00f3n y una sustituci\u00f3n de los cuadros humanos en las secretar\u00edas, las direcciones y las patrullas de control de la aduana.<\/p>\n<p>En cuando a la log\u00edstica, el plan incluye garantizar todos los veh\u00edculos y equipos, incluidos los esc\u00e1neres fijos y m\u00f3viles, y los dispositivos de vigilancia necesarios para elevar el nivel de rendimiento en el sector aduanero y para lograr resultados positivos en esta \u00e1rea.<\/p>\n<p>El jefe del Ejecutivo, Imad Khamis, dijo que el Gobierno est\u00e1 decidido a llevar a cabo un cualitativo cambio en el sector de aduana que constituye una real palanca para la econom\u00eda del pa\u00eds.<\/p>\n<p>Por su parte, el Ministro de Hacienda, Mamoun Hamdan, dijo que se est\u00e1 trabajando para el desarrollo del sistema general de control y vigilancia a trav\u00e9s del mantenimiento de las c\u00e1maras para vigilar la aplicaci\u00f3n de las normas y las leyes en materia de lucha contra el contrabando.<\/p>\n<p>Hamdan se\u00f1al\u00f3 la importancia de simplificar los procedimientos y acelerar la realizaci\u00f3n del trabajo, adem\u00e1s de la automatizaci\u00f3n completa de los esc\u00e1neres aduaneros.<\/p>\n<p>A su vez, el gerente de la Direcci\u00f3n General de Aduana, Fawaz Asaad, dijo que en lo que va de a\u00f1o los ingresos aduaneros llegaron a 300 millones de d\u00f3lares, mientras eran para el mismo per\u00edodo del a\u00f1o pasado, unos 120 millones de d\u00f3lares.<\/p>\n<p>&nbsp;<\/p>\n<p>Fadi M._Y.K.<\/p>\n","protected":false},"excerpt":{"rendered":"<p>Damasco, SANA El primer ministro, Imad Kahmis, encabez\u00f3 una reuni\u00f3n de trabajo en la sede de la Direcci\u00f3n General de Aduanas, durante la cual se debati\u00f3 y se aprob\u00f3 un plan de acci\u00f3n integral encaminado a desarrollar el sector aduanero para que desempe\u00f1e su rol esperado en la econom\u00eda nacional. La reuni\u00f3n va en el &hellip;<\/p>\n","protected":false},"author":1,"featured_media":65616,"comment_status":"closed","ping_status":"closed","sticky":false,"template":"","format":"standard","meta":{"footnotes":""},"categories":[477,476,7541],"tags":[],"class_list":["post-65615","post","type-post","status-publish","format-standard","has-post-thumbnail","","category-noticias-edulcorantes","category-locales","category-ultimas-noticias"],"_links":{"self":[{"href":"https:\/\/archive.sana.sy\/es\/index.php?rest_route=\/wp\/v2\/posts\/65615"}],"collection":[{"href":"https:\/\/archive.sana.sy\/es\/index.php?rest_route=\/wp\/v2\/posts"}],"about":[{"href":"https:\/\/archive.sana.sy\/es\/index.php?rest_route=\/wp\/v2\/types\/post"}],"author":[{"embeddable":true,"href":"https:\/\/archive.sana.sy\/es\/index.php?rest_route=\/wp\/v2\/users\/1"}],"replies":[{"embeddable":true,"href":"https:\/\/archive.sana.sy\/es\/index.php?rest_route=%2Fwp%2Fv2%2Fcomments&post=65615"}],"version-history":[{"count":0,"href":"https:\/\/archive.sana.sy\/es\/index.php?rest_route=\/wp\/v2\/posts\/65615\/revisions"}],"wp:featuredmedia":[{"embeddable":true,"href":"https:\/\/archive.sana.sy\/es\/index.php?rest_route=\/wp\/v2\/media\/65616"}],"wp:attachment":[{"href":"https:\/\/archive.sana.sy\/es\/index.php?rest_route=%2Fwp%2Fv2%2Fmedia&parent=65615"}],"wp:term":[{"taxonomy":"category","embeddable":true,"href":"https:\/\/archive.sana.sy\/es\/index.php?rest_route=%2Fwp%2Fv2%2Fcategories&post=65615"},{"taxonomy":"post_tag","embeddable":true,"href":"https:\/\/archive.sana.sy\/es\/index.php?rest_route=%2Fwp%2Fv2%2Ftags&post=65615"}],"curies":[{"name":"wp","href":"https:\/\/api.w.org\/{rel}","templated":true}]}}