{"id":65627,"date":"2017-06-01T17:38:42","date_gmt":"2017-06-01T14:38:42","guid":{"rendered":"http:\/\/www.sana.sy\/es\/?p=65627"},"modified":"2017-06-01T17:38:42","modified_gmt":"2017-06-01T14:38:42","slug":"terroristas-del-daesh-en-homsdeir-ezzor-y-hama-reciben-duros-golpes-a-manos-de-las-fuerzas-armadas","status":"publish","type":"post","link":"https:\/\/archive.sana.sy\/es\/?p=65627","title":{"rendered":"Terroristas del Daesh en Homs,Deir Ezzor, y Hama reciben duros golpes a manos de las Fuerzas Armadas"},"content":{"rendered":"<p>Provincias, SANA<\/p>\n<p>Intensos operativos antiterroristas del Ej\u00e9rcito sirio dejaron a numerosas terroristas del Daesh entre muertos o heridos.<\/p>\n<p><span style=\"color: #0000ff\">Deir Ezzor<\/span><\/p>\n<p>Cazabombarderos del Ej\u00e9rcito sirio bombardearon sedes y rutas de suministro de los terroristas del Daesh en la provincia de Deir Ezzor.<\/p>\n<p>Seg\u00fan una fuente militar, los ataques tuvieron como blanco a los fortines de terroristas de Daesh en la ciudad de Deir Ezzor y sus alrededores.<\/p>\n<p>En los ataques, varios veh\u00edculos b\u00e9licos del Daesh quedaron destruidos y al menos 50 de terroristas fueron eliminados.<\/p>\n<p>En otro contexto, un avi\u00f3n militar de carga lanz\u00f3 paraca\u00eddas que llevan ayuda alimentaria para los barrios residenciales de Deir Ezzor que est\u00e1n sitiados por los terroristas.<\/p>\n<p>La distribuci\u00f3n de la ayuda fue a cargo de la Media Luna Roja \u00c1rabe Siria.<\/p>\n<p><span style=\"color: #0000ff\">Homs<\/span><\/p>\n<p>En el campo este de la provincia de Homs, unidades del ej\u00e9rcito destruyeron a veh\u00edculos b\u00e9licos y ametralladoras de los terroristas del Daesh.<\/p>\n<p>Seg\u00fan inform\u00f3 una fuente militar, la aviaci\u00f3n y la artiller\u00eda bombardearon a concentraciones de terroristas de Daesh en los poblados de Manukh, Abou Tarraha, Khan al-Serra, Unk al-Hawa, Abou al-Tababir, Yeb Habal, Ghneimat, al este de los montes de al-Mustadira y de Yeb al-Yarrah ubicados en el campo este de Homs.<\/p>\n<p><span style=\"color: #0000ff\">Hama<\/span><\/p>\n<p>En paralelo, el ej\u00e9rcito sirio ha proseguido sus operativos que hab\u00eda iniciado en la ma\u00f1ana de ayer para erradicar el terrorismo de Daesh del campo este de Salamiyeh.<\/p>\n<p>En este contexto, la aviaci\u00f3n militar y la artiller\u00eda bombardearon centros de mando y telecomunicaci\u00f3n, y rutas de movilidad de los grupos terroristas de Daesh en los pueblos de al-Barghutiyeh, Arshuna, Abou Hbeilat, Aksh, Um Meil, y Tbarat al-Dibeh ubicados al este de la ciudad de Salamiyeh.<\/p>\n<p>En dichos golpes, los terroristas sufrieron bajas y perdieron un centro de mando y pertrechos b\u00e9licos.<\/p>\n<p>El reportero de SANA inform\u00f3 que la importancia de este operativo al este de la ciudad de Salamiyeh residen en que el ej\u00e9rcito sirio ser\u00e1 capaz de frenar los ataques de los terroristas de Daesh contra los pueblos y las zonas habitadas en la zona.<\/p>\n<p>Los terroristas de Daesh atacaron el 18 del pasado mes de mayo el pueblo de Akareb al-Safiyeh, donde cometieron una masacre en la que 52 personas perdieron la vida, ni\u00f1os y mujeres en su gran mayor\u00eda.<\/p>\n<p>El reportero afirm\u00f3 que este operativo tiene otro objetivo que es cortar el suministro log\u00edstico a los terroristas en las zonas de Shaaer e Yeb al-Yarrah en el campo este de la provincia vecina de Homs, donde el ej\u00e9rcito sirio realiza operativos anti Daesh.<br \/>\nFady M.\/ Lynn A-Y.K.<\/p>\n","protected":false},"excerpt":{"rendered":"<p>Provincias, SANA Intensos operativos antiterroristas del Ej\u00e9rcito sirio dejaron a numerosas terroristas del Daesh entre muertos o heridos. Deir Ezzor Cazabombarderos del Ej\u00e9rcito sirio bombardearon sedes y rutas de suministro de los terroristas del Daesh en la provincia de Deir Ezzor. Seg\u00fan una fuente militar, los ataques tuvieron como blanco a los fortines de terroristas &hellip;<\/p>\n","protected":false},"author":1,"featured_media":65628,"comment_status":"closed","ping_status":"closed","sticky":false,"template":"","format":"standard","meta":{"footnotes":""},"categories":[573,583],"tags":[],"class_list":["post-65627","post","type-post","status-publish","format-standard","has-post-thumbnail","","category-la-realidad-de-los-acontecimientos-en-siria","category-slide"],"_links":{"self":[{"href":"https:\/\/archive.sana.sy\/es\/index.php?rest_route=\/wp\/v2\/posts\/65627"}],"collection":[{"href":"https:\/\/archive.sana.sy\/es\/index.php?rest_route=\/wp\/v2\/posts"}],"about":[{"href":"https:\/\/archive.sana.sy\/es\/index.php?rest_route=\/wp\/v2\/types\/post"}],"author":[{"embeddable":true,"href":"https:\/\/archive.sana.sy\/es\/index.php?rest_route=\/wp\/v2\/users\/1"}],"replies":[{"embeddable":true,"href":"https:\/\/archive.sana.sy\/es\/index.php?rest_route=%2Fwp%2Fv2%2Fcomments&post=65627"}],"version-history":[{"count":0,"href":"https:\/\/archive.sana.sy\/es\/index.php?rest_route=\/wp\/v2\/posts\/65627\/revisions"}],"wp:featuredmedia":[{"embeddable":true,"href":"https:\/\/archive.sana.sy\/es\/index.php?rest_route=\/wp\/v2\/media\/65628"}],"wp:attachment":[{"href":"https:\/\/archive.sana.sy\/es\/index.php?rest_route=%2Fwp%2Fv2%2Fmedia&parent=65627"}],"wp:term":[{"taxonomy":"category","embeddable":true,"href":"https:\/\/archive.sana.sy\/es\/index.php?rest_route=%2Fwp%2Fv2%2Fcategories&post=65627"},{"taxonomy":"post_tag","embeddable":true,"href":"https:\/\/archive.sana.sy\/es\/index.php?rest_route=%2Fwp%2Fv2%2Ftags&post=65627"}],"curies":[{"name":"wp","href":"https:\/\/api.w.org\/{rel}","templated":true}]}}