{"id":65639,"date":"2017-06-02T13:52:20","date_gmt":"2017-06-02T10:52:20","guid":{"rendered":"http:\/\/www.sana.sy\/es\/?p=65639"},"modified":"2017-06-02T14:03:54","modified_gmt":"2017-06-02T11:03:54","slug":"presidente-al-assad-recibe-a-34-secuestrados-liberados-y-asegura-la-liberacion-de-secuestrados-es-prioridad-para-el-estado","status":"publish","type":"post","link":"https:\/\/archive.sana.sy\/es\/?p=65639","title":{"rendered":"Presidente Al-Assad recibe a 34 secuestrados liberados y asegura: \u201cla liberaci\u00f3n de secuestrados es prioridad para el Estado"},"content":{"rendered":"<p><span style=\"color: #800000\">Damasco, SANA<\/span>&#8211; El presidente Bashar Al-Assad y su se\u00f1ora esposa Asmaa Al-Assad, sostuvieron este jueves un encuentro con 34 secuestrados recientemente liberados de manos de los grupos terroristas en el suburbio capitalino de Barzeh.<\/p>\n<p>El mandatario sirio felicit\u00f3 a los secuestrados por su liberaci\u00f3n y por el fin de su calvario cruel.<\/p>\n<p>Indic\u00f3 que la sociedad vive una verdadera crisis a consecuencia de ese tema y reiter\u00f3 que liberar a los miles de secuestrados a\u00fan en manos de los terroristas armados, es una prioridad del Estado, las instituciones y de todo el pa\u00eds.<\/p>\n<p><a href=\"http:\/\/www.sana.sy\/es\/?attachment_id=65641\" rel=\"attachment wp-att-65641\"><img loading=\"lazy\" decoding=\"async\" class=\"alignnone size-medium wp-image-65641\" src=\"http:\/\/www.sana.sy\/es\/wp-content\/uploads\/2017\/06\/2-300x169.jpg\" alt=\"\" width=\"300\" height=\"169\" srcset=\"https:\/\/archive.sana.sy\/es\/wp-content\/uploads\/2017\/06\/2.jpg 300w, https:\/\/archive.sana.sy\/es\/wp-content\/uploads\/2017\/06\/2-150x85.jpg 150w\" sizes=\"(max-width: 300px) 100vw, 300px\" \/><\/a><\/p>\n<p>El l\u00edder sirio subray\u00f3 que a pesar de todos los intentos de los grupos terroristas para cambiar sus convicciones a trav\u00e9s de torturas y presiones de todo tipo, los secuestrados mantuvieron en alto el patriotismo.<\/p>\n<p>Adem\u00e1s, resalt\u00f3 que esto ha sido el resultado no solo del esfuerzo del Estado sino tambi\u00e9n de los sacrificios del Ej\u00e9rcito y las fuerzas armadas que luchan por el bien de Siria y su pueblo sirio.<\/p>\n<p><a href=\"http:\/\/www.sana.sy\/es\/?attachment_id=65642\" rel=\"attachment wp-att-65642\"><img loading=\"lazy\" decoding=\"async\" class=\"alignnone size-medium wp-image-65642\" src=\"http:\/\/www.sana.sy\/es\/wp-content\/uploads\/2017\/06\/3-300x253.jpg\" alt=\"\" width=\"300\" height=\"253\" srcset=\"https:\/\/archive.sana.sy\/es\/wp-content\/uploads\/2017\/06\/3.jpg 300w, https:\/\/archive.sana.sy\/es\/wp-content\/uploads\/2017\/06\/3-150x127.jpg 150w\" sizes=\"(max-width: 300px) 100vw, 300px\" \/><\/a><\/p>\n<p>El mandatario precis\u00f3 que \u201cla batalla no lleg\u00f3 a su fin todav\u00eda y a\u00fan hay miles de sirios que pasan a trav\u00e9s de ese dilema y la alegr\u00eda no ser\u00e1 completa hasta que todos se liberen y la seguridad sea restaurada en el pa\u00eds\u201d.<\/p>\n<p>En el encuentro, los liberados expresaron que ten\u00edan plena su fe de que el Estado y el Ej\u00e9rcito los iban a liberar, y manifestaron su voluntad de volver a la vida normal y a contribuir a la seguridad y al bienestar de la patria.<\/p>\n<p>https:\/\/www.youtube.com\/watch?v=35rHBjZfZ28<br \/>\nFady M\/ M Miri<\/p>\n","protected":false},"excerpt":{"rendered":"<p>Damasco, SANA&#8211; El presidente Bashar Al-Assad y su se\u00f1ora esposa Asmaa Al-Assad, sostuvieron este jueves un encuentro con 34 secuestrados recientemente liberados de manos de los grupos terroristas en el suburbio capitalino de Barzeh. El mandatario sirio felicit\u00f3 a los secuestrados por su liberaci\u00f3n y por el fin de su calvario cruel. Indic\u00f3 que la &hellip;<\/p>\n","protected":false},"author":1,"featured_media":65640,"comment_status":"closed","ping_status":"closed","sticky":false,"template":"","format":"standard","meta":{"footnotes":""},"categories":[477,597,476,583,7541],"tags":[10413],"class_list":["post-65639","post","type-post","status-publish","format-standard","has-post-thumbnail","","category-noticias-edulcorantes","category-cinta-de-noticias","category-locales","category-slide","category-ultimas-noticias","tag-presidente-al-assad-recibe-a-34-secuestrados-liberados-y-asegura-la-liberacion-de-secuestrados-es-prioridad-para-el-estado"],"_links":{"self":[{"href":"https:\/\/archive.sana.sy\/es\/index.php?rest_route=\/wp\/v2\/posts\/65639"}],"collection":[{"href":"https:\/\/archive.sana.sy\/es\/index.php?rest_route=\/wp\/v2\/posts"}],"about":[{"href":"https:\/\/archive.sana.sy\/es\/index.php?rest_route=\/wp\/v2\/types\/post"}],"author":[{"embeddable":true,"href":"https:\/\/archive.sana.sy\/es\/index.php?rest_route=\/wp\/v2\/users\/1"}],"replies":[{"embeddable":true,"href":"https:\/\/archive.sana.sy\/es\/index.php?rest_route=%2Fwp%2Fv2%2Fcomments&post=65639"}],"version-history":[{"count":0,"href":"https:\/\/archive.sana.sy\/es\/index.php?rest_route=\/wp\/v2\/posts\/65639\/revisions"}],"wp:featuredmedia":[{"embeddable":true,"href":"https:\/\/archive.sana.sy\/es\/index.php?rest_route=\/wp\/v2\/media\/65640"}],"wp:attachment":[{"href":"https:\/\/archive.sana.sy\/es\/index.php?rest_route=%2Fwp%2Fv2%2Fmedia&parent=65639"}],"wp:term":[{"taxonomy":"category","embeddable":true,"href":"https:\/\/archive.sana.sy\/es\/index.php?rest_route=%2Fwp%2Fv2%2Fcategories&post=65639"},{"taxonomy":"post_tag","embeddable":true,"href":"https:\/\/archive.sana.sy\/es\/index.php?rest_route=%2Fwp%2Fv2%2Ftags&post=65639"}],"curies":[{"name":"wp","href":"https:\/\/api.w.org\/{rel}","templated":true}]}}