{"id":65703,"date":"2017-06-03T16:19:16","date_gmt":"2017-06-03T13:19:16","guid":{"rendered":"http:\/\/www.sana.sy\/es\/?p=65703"},"modified":"2017-06-03T16:19:16","modified_gmt":"2017-06-03T13:19:16","slug":"khamis-el-gobierno-sirio-acoge-con-beneplacito-la-participacion-de-india-en-proyectos-de-inversion-conjunta-en-la-fase-de-reconstruccion","status":"publish","type":"post","link":"https:\/\/archive.sana.sy\/es\/?p=65703","title":{"rendered":"Khamis: El gobierno sirio acoge con benepl\u00e1cito la participaci\u00f3n de India en proyectos de inversi\u00f3n conjunta en la fase de reconstrucci\u00f3n"},"content":{"rendered":"<p><span style=\"color: #800000;\">Damasco-SANA<\/span><\/p>\n<p>El primer ministro Imad Khamis, recibi\u00f3 al asesor del ministro de Exteriores en India, Amar Sinha, y la delegaci\u00f3n acompa\u00f1ante.<\/p>\n<p>En la reuni\u00f3n se abord\u00f3 fortalecer las relaciones de colaboraci\u00f3n entre los dos pa\u00edses y superar los obst\u00e1culos ante celebrar las reuniones del Comit\u00e9 conjunto sirio-indio.<\/p>\n<p>El primer ministro aclar\u00f3 que el gobierno sirio acoge con benepl\u00e1cito la participaci\u00f3n de los amigos indios, de hombres de negocios e industriales en proyectos de inversi\u00f3n conjunta y promover a las compa\u00f1\u00edas indias a participar en la fase de reconstrucci\u00f3n en Siria, lo que beneficia a los dos pueblos.<br \/>\nPor su parte Sinha subray\u00f3 el inter\u00e9s del gobierno indio en fortalecer las relaciones econ\u00f3micas con Siria y mejorarlas al nivel de las relaciones pol\u00edticas arraigadas, apreciando el esfuerzo de Siria en su lucha contra el terrorismo mundial, y su confianza de que Siria est\u00e1 en el camino de la victoria contra el terrorismo y restablecer la seguridad del pueblo sirio.<\/p>\n<p>&nbsp;<\/p>\n<p>&nbsp;<\/p>\n<p><span style=\"color: #0000ff;\">Akram. S<\/span><\/p>\n","protected":false},"excerpt":{"rendered":"<p>Damasco-SANA El primer ministro Imad Khamis, recibi\u00f3 al asesor del ministro de Exteriores en India, Amar Sinha, y la delegaci\u00f3n acompa\u00f1ante. En la reuni\u00f3n se abord\u00f3 fortalecer las relaciones de colaboraci\u00f3n entre los dos pa\u00edses y superar los obst\u00e1culos ante celebrar las reuniones del Comit\u00e9 conjunto sirio-indio. El primer ministro aclar\u00f3 que el gobierno sirio &hellip;<\/p>\n","protected":false},"author":1,"featured_media":65704,"comment_status":"closed","ping_status":"closed","sticky":false,"template":"","format":"standard","meta":{"footnotes":""},"categories":[597,476,7541],"tags":[],"class_list":["post-65703","post","type-post","status-publish","format-standard","has-post-thumbnail","","category-cinta-de-noticias","category-locales","category-ultimas-noticias"],"_links":{"self":[{"href":"https:\/\/archive.sana.sy\/es\/index.php?rest_route=\/wp\/v2\/posts\/65703"}],"collection":[{"href":"https:\/\/archive.sana.sy\/es\/index.php?rest_route=\/wp\/v2\/posts"}],"about":[{"href":"https:\/\/archive.sana.sy\/es\/index.php?rest_route=\/wp\/v2\/types\/post"}],"author":[{"embeddable":true,"href":"https:\/\/archive.sana.sy\/es\/index.php?rest_route=\/wp\/v2\/users\/1"}],"replies":[{"embeddable":true,"href":"https:\/\/archive.sana.sy\/es\/index.php?rest_route=%2Fwp%2Fv2%2Fcomments&post=65703"}],"version-history":[{"count":0,"href":"https:\/\/archive.sana.sy\/es\/index.php?rest_route=\/wp\/v2\/posts\/65703\/revisions"}],"wp:featuredmedia":[{"embeddable":true,"href":"https:\/\/archive.sana.sy\/es\/index.php?rest_route=\/wp\/v2\/media\/65704"}],"wp:attachment":[{"href":"https:\/\/archive.sana.sy\/es\/index.php?rest_route=%2Fwp%2Fv2%2Fmedia&parent=65703"}],"wp:term":[{"taxonomy":"category","embeddable":true,"href":"https:\/\/archive.sana.sy\/es\/index.php?rest_route=%2Fwp%2Fv2%2Fcategories&post=65703"},{"taxonomy":"post_tag","embeddable":true,"href":"https:\/\/archive.sana.sy\/es\/index.php?rest_route=%2Fwp%2Fv2%2Ftags&post=65703"}],"curies":[{"name":"wp","href":"https:\/\/api.w.org\/{rel}","templated":true}]}}