{"id":65707,"date":"2017-06-03T17:25:33","date_gmt":"2017-06-03T14:25:33","guid":{"rendered":"http:\/\/www.sana.sy\/es\/?p=65707"},"modified":"2017-06-03T17:26:33","modified_gmt":"2017-06-03T14:26:33","slug":"comite-ministerial-encargado-de-seguir-la-implementacion-de-los-proyectos-en-zabadani-hace-una-revision-de-su-trabajo","status":"publish","type":"post","link":"https:\/\/archive.sana.sy\/es\/?p=65707","title":{"rendered":"Comit\u00e9 Ministerial encargado de seguir la implementaci\u00f3n de los proyectos en Zabadani hace una revisi\u00f3n de su trabajo"},"content":{"rendered":"<p>&nbsp;<\/p>\n<p><span style=\"color: #800000;\">Damasco Campo-SANA<\/span><\/p>\n<p>El Comit\u00e9 Ministerial encargado de seguir la implementaci\u00f3n de los proyectos en la zona de Zabadani hizo una revisi\u00f3n con los directores de las instituciones locales y de servicio de las obras realizadas, con el fin de rehabilitar y reconstruir la zona.<\/p>\n<p>El Comit\u00e9 presidido por el ministro de Ense\u00f1anza Superior, Atef Naddaf, abord\u00f3 los asuntos relacionados con los distintos sectores de servicio, y la manera de intensificar el trabajo para garantizar las necesidades de los ciudadanos del agua, de la electricidad y de telecomunicaciones, y encontrar un lugar adecuado al que llevar los residuos y los escombros de Zabadani.<\/p>\n<p>El director general de la Compa\u00f1\u00eda de Electricidad de Damasco Campo, Khaldun Hadda, dijo que la electricidad en Zabadani sufri\u00f3 mucho da\u00f1o, donde unos 23 centros de transformaci\u00f3n de un total de 24 centros fueron saboteados, y la Compa\u00f1\u00eda est\u00e1 trabajando para garantizar las necesidades del centro para ponerlo en funcionamiento en cuanto antes.<\/p>\n<p>Por su parte, el director de Unidades Econ\u00f3micas en el Establecimiento General de Agua, Akram al Behsh, afirm\u00f3 que la l\u00ednea principal de agua y los pozos de agua potable sufrieron grandes da\u00f1os, mientras que algunos pozos siguen en servicio, y se trabajar\u00e1 para arreglar algunos, como los pozos de Ain al Dhabha, al Zahra, Kafer Amer, para suministrar todos los barrios de la ciudad.<\/p>\n<p>&nbsp;<\/p>\n<p>&nbsp;<\/p>\n<p>&nbsp;<\/p>\n<p><span style=\"color: #0000ff;\">Akram. S<\/span><\/p>\n","protected":false},"excerpt":{"rendered":"<p>&nbsp; Damasco Campo-SANA El Comit\u00e9 Ministerial encargado de seguir la implementaci\u00f3n de los proyectos en la zona de Zabadani hizo una revisi\u00f3n con los directores de las instituciones locales y de servicio de las obras realizadas, con el fin de rehabilitar y reconstruir la zona. El Comit\u00e9 presidido por el ministro de Ense\u00f1anza Superior, Atef &hellip;<\/p>\n","protected":false},"author":1,"featured_media":65708,"comment_status":"closed","ping_status":"closed","sticky":false,"template":"","format":"standard","meta":{"footnotes":""},"categories":[597,476,7541,1],"tags":[],"class_list":["post-65707","post","type-post","status-publish","format-standard","has-post-thumbnail","","category-cinta-de-noticias","category-locales","category-ultimas-noticias","category-news-not-sorted"],"_links":{"self":[{"href":"https:\/\/archive.sana.sy\/es\/index.php?rest_route=\/wp\/v2\/posts\/65707"}],"collection":[{"href":"https:\/\/archive.sana.sy\/es\/index.php?rest_route=\/wp\/v2\/posts"}],"about":[{"href":"https:\/\/archive.sana.sy\/es\/index.php?rest_route=\/wp\/v2\/types\/post"}],"author":[{"embeddable":true,"href":"https:\/\/archive.sana.sy\/es\/index.php?rest_route=\/wp\/v2\/users\/1"}],"replies":[{"embeddable":true,"href":"https:\/\/archive.sana.sy\/es\/index.php?rest_route=%2Fwp%2Fv2%2Fcomments&post=65707"}],"version-history":[{"count":0,"href":"https:\/\/archive.sana.sy\/es\/index.php?rest_route=\/wp\/v2\/posts\/65707\/revisions"}],"wp:featuredmedia":[{"embeddable":true,"href":"https:\/\/archive.sana.sy\/es\/index.php?rest_route=\/wp\/v2\/media\/65708"}],"wp:attachment":[{"href":"https:\/\/archive.sana.sy\/es\/index.php?rest_route=%2Fwp%2Fv2%2Fmedia&parent=65707"}],"wp:term":[{"taxonomy":"category","embeddable":true,"href":"https:\/\/archive.sana.sy\/es\/index.php?rest_route=%2Fwp%2Fv2%2Fcategories&post=65707"},{"taxonomy":"post_tag","embeddable":true,"href":"https:\/\/archive.sana.sy\/es\/index.php?rest_route=%2Fwp%2Fv2%2Ftags&post=65707"}],"curies":[{"name":"wp","href":"https:\/\/api.w.org\/{rel}","templated":true}]}}