{"id":65712,"date":"2017-06-04T11:19:04","date_gmt":"2017-06-04T08:19:04","guid":{"rendered":"http:\/\/www.sana.sy\/es\/?p=65712"},"modified":"2017-06-04T11:19:04","modified_gmt":"2017-06-04T08:19:04","slug":"presidente-al-assad-concede-entrevista-a-wion-tv-y-afirma-que-situacion-esta-mucho-mejor-y-los-terroristas-sufren-sucesivas-derrotas","status":"publish","type":"post","link":"https:\/\/archive.sana.sy\/es\/?p=65712","title":{"rendered":"Presidente Al-Assad concede entrevista a Wion TV y afirma que situaci\u00f3n est\u00e1 mucho mejor y los terroristas sufren sucesivas derrotas"},"content":{"rendered":"<div id=\"m_376459528214671722yui_3_16_0_1_1496554454938_6170\"><span style=\"font-size: medium\"><b id=\"m_376459528214671722yui_3_16_0_1_1496554454938_6171\"><u id=\"m_376459528214671722yui_3_16_0_1_1496554454938_6172\"><span id=\"m_376459528214671722yui_3_16_0_1_1496554454938_6173\" lang=\"ES-TRAD\">Damasco, SANA<\/span><\/u><\/b><\/span><\/div>\n<div id=\"m_376459528214671722yui_3_16_0_1_1496554454938_6174\"><span style=\"font-size: medium\"><span id=\"m_376459528214671722yui_3_16_0_1_1496554454938_6175\" lang=\"ES-TRAD\">El presidente Bashar al-Assad, afirm\u00f3 que la situaci\u00f3n en Siria est\u00e1 mejorando significativamente y los grupos terroristas, entre ellos Daesh y Al Nousra, sufren derrotas sucesivas a manos del Ej\u00e9rcito sirio.<\/span><\/span><\/div>\n<div id=\"m_376459528214671722yui_3_16_0_1_1496554454938_6176\"><span id=\"m_376459528214671722yui_3_16_0_1_1496554454938_6380\" style=\"font-size: medium\"><span id=\"m_376459528214671722yui_3_16_0_1_1496554454938_6177\" lang=\"ES-TRAD\">En una entrevista concedida a la televisi\u00f3n india Wion TV, el presidente Assad dijo que &#8220;la peor parte de la guerra ya ha pasado a pesar del apoyo masiva de Occidente a los grupos extremistas terroristas&#8221;.<\/span><\/span><\/div>\n<div id=\"m_376459528214671722yui_3_16_0_1_1496554454938_6178\"><span id=\"m_376459528214671722yui_3_16_0_1_1496554454938_6381\" style=\"font-size: medium\"><a id=\"m_376459528214671722yui_3_16_0_1_1496554454938_6179\" name=\"m_376459528214671722__GoBack\"><\/a><b id=\"m_376459528214671722yui_3_16_0_1_1496554454938_6180\"><u id=\"m_376459528214671722yui_3_16_0_1_1496554454938_6181\"><span id=\"m_376459528214671722yui_3_16_0_1_1496554454938_6182\" lang=\"ES-TRAD\">Al Assad: La situaci\u00f3n est\u00e1 mejorando y los terroristas se est\u00e1n retrocediendo<\/span><\/u><\/b><\/span><\/div>\n<div id=\"m_376459528214671722yui_3_16_0_1_1496554454938_6183\"><span id=\"m_376459528214671722yui_3_16_0_1_1496554454938_6382\" style=\"font-size: medium\"><span id=\"m_376459528214671722yui_3_16_0_1_1496554454938_6184\" lang=\"ES-TRAD\">Comentando sobre la actual situaci\u00f3n militar en Siria, el presidente dijo: \u201cLa situaci\u00f3n se est\u00e1 moviendo actualmente hacia una direcci\u00f3n correcta, una mejor direcci\u00f3n, porque estamos derrotando a los terroristas, a pesar del amplio apoyo brindado por Occidente, sus aliados, y sus marionetas a los extremistas. Estoy seguro de que ya hemos dejado atr\u00e1s lo peor\u201d.<\/span><\/span><\/div>\n<div id=\"m_376459528214671722yui_3_16_0_1_1496554454938_6185\"><span id=\"m_376459528214671722yui_3_16_0_1_1496554454938_6383\" style=\"font-size: medium\"><span id=\"m_376459528214671722yui_3_16_0_1_1496554454938_6186\" lang=\"ES-TRAD\">Precis\u00f3 que &#8220;la mejor\u00eda en la situaci\u00f3n militar no refleja la imagen completa, ya que el problema no se limita al conflicto militar sino que hay otras cuestiones como la ideolog\u00eda que est\u00e1n tratando de difundir en Siria y en la regi\u00f3n, lo cual constituye el desaf\u00edo m\u00e1s serio que podr\u00edamos enfrentar a corto plazo y tambi\u00e9n a largo plazo&#8221;.<\/span><\/span><\/div>\n<div id=\"m_376459528214671722yui_3_16_0_1_1496554454938_6187\"><span id=\"m_376459528214671722yui_3_16_0_1_1496554454938_6384\" style=\"font-size: medium\"><b id=\"m_376459528214671722yui_3_16_0_1_1496554454938_6188\"><u id=\"m_376459528214671722yui_3_16_0_1_1496554454938_6189\"><span id=\"m_376459528214671722yui_3_16_0_1_1496554454938_6190\" lang=\"ES-TRAD\">Al Assad: la derrota del Daesh es cuesti\u00f3n de meses a no ser que EE.UU. contin\u00fae patrocinando esa banda extremista.<\/span><\/u><\/b><\/span><\/div>\n<div id=\"m_376459528214671722yui_3_16_0_1_1496554454938_6191\"><span style=\"font-size: medium\"><span id=\"m_376459528214671722yui_3_16_0_1_1496554454938_6192\" lang=\"ES-TRAD\">En este sentido, hizo alusi\u00f3n al acelerado avance de las Fuerzas Armadas sirias hacia las posiciones terroristas en Siria.<\/span><\/span><\/div>\n<div id=\"m_376459528214671722yui_3_16_0_1_1496554454938_6193\"><span style=\"font-size: medium\"><span id=\"m_376459528214671722yui_3_16_0_1_1496554454938_6194\" lang=\"ES-TRAD\">Destac\u00f3 que la derrota total del grupo terrorista Daesh es cuesti\u00f3n de meses, a no ser que EE.UU. contin\u00fae patrocinando a esta banda extremista.<\/span><\/span><\/div>\n<div id=\"m_376459528214671722yui_3_16_0_1_1496554454938_6195\"><span style=\"font-size: medium\"><span id=\"m_376459528214671722yui_3_16_0_1_1496554454938_6196\" lang=\"ES-TRAD\">\u201cEstados Unidos ha atacado tres veces durante los \u00faltimos seis meses al Ej\u00e9rcito sirio mientras \u00e9ste luchaba contra los terrorista del Daesh y cada vez que ha atacado a nuestras fuerzas, en la misma zona del ataque, el Daesh ataca y logra asumir el control de esas zonas que hab\u00eda perdido\u201d, explic\u00f3.<\/span><\/span><\/div>\n<div id=\"m_376459528214671722yui_3_16_0_1_1496554454938_6197\"><span style=\"font-size: medium\"><b id=\"m_376459528214671722yui_3_16_0_1_1496554454938_6198\"><u id=\"m_376459528214671722yui_3_16_0_1_1496554454938_6199\"><span id=\"m_376459528214671722yui_3_16_0_1_1496554454938_6200\" lang=\"ES-TRAD\">Al-Assad: Occidente fortalece el terrorismo y luego lo usa para implementar una agenda pol\u00edtica<\/span><\/u><\/b><\/span><\/div>\n<div id=\"m_376459528214671722yui_3_16_0_1_1496554454938_6201\"><span style=\"font-size: medium\"><span id=\"m_376459528214671722yui_3_16_0_1_1496554454938_6202\" lang=\"ES-TRAD\">En otro momento de la entrevista, el presidente sirio arremeti\u00f3 contra determinados \u201cpa\u00edses regionales como Turqu\u00eda, Qatar y Arabia Saud\u00ed y sus aliados occidentales, entre ellos Estados Unidos, Francia y el Reino Unido, y denunci\u00f3 que esos Estados fortalecen el terrorismo y luego lo usan para implementar una agenda pol\u00edtica\u201d. \u201cEsto es algo m\u00e1s peligroso que cualquier otro peligro que podamos enfrentar en nuestro mundo moderno\u201d, resalt\u00f3.<\/span><\/span><\/div>\n<div id=\"m_376459528214671722yui_3_16_0_1_1496554454938_6203\"><span id=\"m_376459528214671722yui_3_16_0_1_1496554454938_6315\" style=\"font-size: medium\"><span id=\"m_376459528214671722yui_3_16_0_1_1496554454938_6204\" lang=\"ES-TRAD\">Preguntado sobre si est\u00e1 funcionando la iniciativa de paz lanzada por Rusia, Ir\u00e1n y Turqu\u00eda, el mandatario sirio la ha considerado como \u201cpositiva\u201d y destac\u00f3 que ese pacto ha ayudado a restablecer la paz en algunas partes de Siria.<\/span><\/span><\/div>\n<div id=\"m_376459528214671722yui_3_16_0_1_1496554454938_6205\"><span id=\"m_376459528214671722yui_3_16_0_1_1496554454938_6314\" style=\"font-size: medium\"><span id=\"m_376459528214671722yui_3_16_0_1_1496554454938_6206\" lang=\"ES-TRAD\">\u201cHasta este momento no hemos tenido ninguna iniciativa pol\u00edtica real que pudiera producir algo, aunque Astan\u00e1 ha logrado, digamos, resultados parciales a trav\u00e9s de las recientes \u00e1reas de reducci\u00f3n de tensiones en Siria, lo cual es positivo\u201d, dijo el presidente en referencia a un acuerdo alcanzado en mayo en la capital de Kazajist\u00e1n, mediante el cual, se pretende detener los combates en cuatro zonas en Siria.<\/span><\/span><\/div>\n<div id=\"m_376459528214671722yui_3_16_0_1_1496554454938_6207\"><span style=\"font-size: medium\"><b id=\"m_376459528214671722yui_3_16_0_1_1496554454938_6208\"><u id=\"m_376459528214671722yui_3_16_0_1_1496554454938_6209\"><span id=\"m_376459528214671722yui_3_16_0_1_1496554454938_6210\" lang=\"ES-TRAD\">Al Assad: la postura india hacia Siria toma en cuenta el Derecho Internacional y la carta de Naciones Unidas.<\/span><\/u><\/b><\/span><\/div>\n<div id=\"m_376459528214671722yui_3_16_0_1_1496554454938_6211\"><span style=\"font-size: medium\"><span id=\"m_376459528214671722yui_3_16_0_1_1496554454938_6212\" lang=\"ES-TRAD\">Sobre las relaciones entre Siria y La India, el presidente al-Assad dijo: &#8220;guardamos gran respeto por la posturas india que respeta el Derecho Internacional, la carta de Naciones Unidas y la \u00e9tica global&#8221;.<\/span><\/span><\/div>\n<div id=\"m_376459528214671722yui_3_16_0_1_1496554454938_6213\"><span style=\"font-size: medium\"><span id=\"m_376459528214671722yui_3_16_0_1_1496554454938_6214\" lang=\"ES-TRAD\">Agreg\u00f3 que &#8220;a pesar de todas las presiones occidentales, La India no ha disminuido sus relaciones con Siria y no ha aceptado incorporarse al bloqueo impuesto sobre el pueblo sirio.<\/span><\/span><\/div>\n<div>Fady Marouf<\/div>\n","protected":false},"excerpt":{"rendered":"<p>Damasco, SANA El presidente Bashar al-Assad, afirm\u00f3 que la situaci\u00f3n en Siria est\u00e1 mejorando significativamente y los grupos terroristas, entre ellos Daesh y Al Nousra, sufren derrotas sucesivas a manos del Ej\u00e9rcito sirio. En una entrevista concedida a la televisi\u00f3n india Wion TV, el presidente Assad dijo que &#8220;la peor parte de la guerra ya &hellip;<\/p>\n","protected":false},"author":24,"featured_media":65713,"comment_status":"closed","ping_status":"closed","sticky":false,"template":"","format":"standard","meta":{"footnotes":""},"categories":[583,626],"tags":[],"class_list":["post-65712","post","type-post","status-publish","format-standard","has-post-thumbnail","","category-slide","category-sr-presidente"],"_links":{"self":[{"href":"https:\/\/archive.sana.sy\/es\/index.php?rest_route=\/wp\/v2\/posts\/65712"}],"collection":[{"href":"https:\/\/archive.sana.sy\/es\/index.php?rest_route=\/wp\/v2\/posts"}],"about":[{"href":"https:\/\/archive.sana.sy\/es\/index.php?rest_route=\/wp\/v2\/types\/post"}],"author":[{"embeddable":true,"href":"https:\/\/archive.sana.sy\/es\/index.php?rest_route=\/wp\/v2\/users\/24"}],"replies":[{"embeddable":true,"href":"https:\/\/archive.sana.sy\/es\/index.php?rest_route=%2Fwp%2Fv2%2Fcomments&post=65712"}],"version-history":[{"count":0,"href":"https:\/\/archive.sana.sy\/es\/index.php?rest_route=\/wp\/v2\/posts\/65712\/revisions"}],"wp:featuredmedia":[{"embeddable":true,"href":"https:\/\/archive.sana.sy\/es\/index.php?rest_route=\/wp\/v2\/media\/65713"}],"wp:attachment":[{"href":"https:\/\/archive.sana.sy\/es\/index.php?rest_route=%2Fwp%2Fv2%2Fmedia&parent=65712"}],"wp:term":[{"taxonomy":"category","embeddable":true,"href":"https:\/\/archive.sana.sy\/es\/index.php?rest_route=%2Fwp%2Fv2%2Fcategories&post=65712"},{"taxonomy":"post_tag","embeddable":true,"href":"https:\/\/archive.sana.sy\/es\/index.php?rest_route=%2Fwp%2Fv2%2Ftags&post=65712"}],"curies":[{"name":"wp","href":"https:\/\/api.w.org\/{rel}","templated":true}]}}