{"id":66027,"date":"2017-06-11T17:52:03","date_gmt":"2017-06-11T14:52:03","guid":{"rendered":"http:\/\/www.sana.sy\/es\/?p=66027"},"modified":"2017-06-11T17:52:03","modified_gmt":"2017-06-11T14:52:03","slug":"ffaa-dirigen-fuertes-ataques-contra-el-eiil-en-la-provincia-de-deir-ezzor","status":"publish","type":"post","link":"https:\/\/archive.sana.sy\/es\/?p=66027","title":{"rendered":"FFAA dirigen fuertes ataques contra el EIIL en la provincia de Deir Ezzor"},"content":{"rendered":"<p>Deir Ezzor, SANA<\/p>\n<p>La aviaci\u00f3n militar siria bombarde\u00f3 fortificaciones y centros de concentraciones de DAESH en la periferia de la zona de Panorama, al Tharda, la encrucijada de al Tharda, Tallet Alloush, el barrio de al Urfi y el pueblo de al Yneina.<\/p>\n<p>Las incursiones a\u00e9reas dejaron numerosos muertos y heridos en las filas de los terroristas del EIIL, y destruyeron varios veh\u00edculos de esta organizaci\u00f3n terrorista.<\/p>\n<p>El reportero de SANA inform\u00f3 tambi\u00e9n que unidades castrenses del ej\u00e9rcito sirio contrarrestaron ataques de grupos terroristas pertenecientes a DAESH, contra puntos militares en la periferia de la zona de Panorama. Los enfrentamientos terminaron con la muerte y herida de varios atacantes y mientras los sobrevivientes se dieron a la fuga.<\/p>\n<p>Lynn A.-Y.K.<\/p>\n","protected":false},"excerpt":{"rendered":"<p>Deir Ezzor, SANA La aviaci\u00f3n militar siria bombarde\u00f3 fortificaciones y centros de concentraciones de DAESH en la periferia de la zona de Panorama, al Tharda, la encrucijada de al Tharda, Tallet Alloush, el barrio de al Urfi y el pueblo de al Yneina. Las incursiones a\u00e9reas dejaron numerosos muertos y heridos en las filas de &hellip;<\/p>\n","protected":false},"author":1,"featured_media":66028,"comment_status":"closed","ping_status":"closed","sticky":false,"template":"","format":"standard","meta":{"footnotes":""},"categories":[573,583],"tags":[],"class_list":["post-66027","post","type-post","status-publish","format-standard","has-post-thumbnail","","category-la-realidad-de-los-acontecimientos-en-siria","category-slide"],"_links":{"self":[{"href":"https:\/\/archive.sana.sy\/es\/index.php?rest_route=\/wp\/v2\/posts\/66027"}],"collection":[{"href":"https:\/\/archive.sana.sy\/es\/index.php?rest_route=\/wp\/v2\/posts"}],"about":[{"href":"https:\/\/archive.sana.sy\/es\/index.php?rest_route=\/wp\/v2\/types\/post"}],"author":[{"embeddable":true,"href":"https:\/\/archive.sana.sy\/es\/index.php?rest_route=\/wp\/v2\/users\/1"}],"replies":[{"embeddable":true,"href":"https:\/\/archive.sana.sy\/es\/index.php?rest_route=%2Fwp%2Fv2%2Fcomments&post=66027"}],"version-history":[{"count":0,"href":"https:\/\/archive.sana.sy\/es\/index.php?rest_route=\/wp\/v2\/posts\/66027\/revisions"}],"wp:featuredmedia":[{"embeddable":true,"href":"https:\/\/archive.sana.sy\/es\/index.php?rest_route=\/wp\/v2\/media\/66028"}],"wp:attachment":[{"href":"https:\/\/archive.sana.sy\/es\/index.php?rest_route=%2Fwp%2Fv2%2Fmedia&parent=66027"}],"wp:term":[{"taxonomy":"category","embeddable":true,"href":"https:\/\/archive.sana.sy\/es\/index.php?rest_route=%2Fwp%2Fv2%2Fcategories&post=66027"},{"taxonomy":"post_tag","embeddable":true,"href":"https:\/\/archive.sana.sy\/es\/index.php?rest_route=%2Fwp%2Fv2%2Ftags&post=66027"}],"curies":[{"name":"wp","href":"https:\/\/api.w.org\/{rel}","templated":true}]}}