{"id":66092,"date":"2017-06-13T17:27:34","date_gmt":"2017-06-13T14:27:34","guid":{"rendered":"http:\/\/www.sana.sy\/es\/?p=66092"},"modified":"2017-06-13T17:27:34","modified_gmt":"2017-06-13T14:27:34","slug":"hrw-exige-a-la-coalicion-de-washington-que-respete-los-derechos-humanos","status":"publish","type":"post","link":"https:\/\/archive.sana.sy\/es\/?p=66092","title":{"rendered":"HRW exige a la coalici\u00f3n de Washington que respete los derechos humanos"},"content":{"rendered":"<p><span style=\"color: #800000\">Beirut, SANA<\/span>&#8211; Human Rights Watch (HRW, \u2018Observatorio de Derechos Humanos\u2019), pidi\u00f3 a la coalici\u00f3n liderada por Estados Unidos que finge luchar contra la organizaci\u00f3n terrorista &#8220;Daesh&#8221; en Siria y a las fueras apoyadas por Washington, respetar los derechos humanos, garantizar la protecci\u00f3n de los civiles en la ciudad de Raqqa y realizar investigaciones sobre los ataques cometidos por los aviones de la coalici\u00f3n que dejaron un gran n\u00famero de v\u00edctimas civiles.<\/p>\n<p>&#8221; La Coalici\u00f3n de Washington y las fuerzas respaldadas por tal Coalici\u00f3n deben tomar todas las medidas posibles para evitar la ca\u00edda de v\u00edctimas civiles, llevar a cabo una investigaci\u00f3n sobre ataques y redadas ilegales que causan bajas civiles, as\u00ed como garantizar la no participaci\u00f3n de ni\u00f1os soldados en ofensivas militares y respetar los derechos de los detenidos y determinar un paso seguro para los civiles que huyen, adem\u00e1s de limpiar el terreno de las minas y restos explosivos de la guerra, &#8221; dijo el comunicado de la organizaci\u00f3n mundial.<\/p>\n<p>Por su parte, Lam\u00e1 Faquih, directora adjunta de derechos humanos para Oriente Medio dijo que &#8221; Tanto los miembros de la Coalici\u00f3n y las fuerzas respaldadas por ella deben mostrar claramente que la vida y los derechos de cientos de miles de civiles en la ciudad de Raqqa son prioridades paralelas a las ofensivas.&#8221;<\/p>\n<p>De su ilegal creaci\u00f3n y fuera del marco del Consejo de Seguridad de la ONU en 2014, la llamada \u201cCoalici\u00f3n Internaci\u00f3n\u201d cometi\u00f3 varias masacres en diferentes zonas en las provincias de Deir Al Zour, Alepo y Raqqa, donde cientos civiles perdieron la vida.<\/p>\n<p>&nbsp;<\/p>\n<p>&nbsp;<\/p>\n<p>M\/Miri<\/p>\n","protected":false},"excerpt":{"rendered":"<p>Beirut, SANA&#8211; Human Rights Watch (HRW, \u2018Observatorio de Derechos Humanos\u2019), pidi\u00f3 a la coalici\u00f3n liderada por Estados Unidos que finge luchar contra la organizaci\u00f3n terrorista &#8220;Daesh&#8221; en Siria y a las fueras apoyadas por Washington, respetar los derechos humanos, garantizar la protecci\u00f3n de los civiles en la ciudad de Raqqa y realizar investigaciones sobre los &hellip;<\/p>\n","protected":false},"author":1,"featured_media":66093,"comment_status":"closed","ping_status":"closed","sticky":false,"template":"","format":"standard","meta":{"footnotes":""},"categories":[456,457],"tags":[10460],"class_list":["post-66092","post","type-post","status-publish","format-standard","has-post-thumbnail","","category-arabe-internacional-politica","category-noticias-arabe-internacional-politica","tag-human-rights-watch"],"_links":{"self":[{"href":"https:\/\/archive.sana.sy\/es\/index.php?rest_route=\/wp\/v2\/posts\/66092"}],"collection":[{"href":"https:\/\/archive.sana.sy\/es\/index.php?rest_route=\/wp\/v2\/posts"}],"about":[{"href":"https:\/\/archive.sana.sy\/es\/index.php?rest_route=\/wp\/v2\/types\/post"}],"author":[{"embeddable":true,"href":"https:\/\/archive.sana.sy\/es\/index.php?rest_route=\/wp\/v2\/users\/1"}],"replies":[{"embeddable":true,"href":"https:\/\/archive.sana.sy\/es\/index.php?rest_route=%2Fwp%2Fv2%2Fcomments&post=66092"}],"version-history":[{"count":0,"href":"https:\/\/archive.sana.sy\/es\/index.php?rest_route=\/wp\/v2\/posts\/66092\/revisions"}],"wp:featuredmedia":[{"embeddable":true,"href":"https:\/\/archive.sana.sy\/es\/index.php?rest_route=\/wp\/v2\/media\/66093"}],"wp:attachment":[{"href":"https:\/\/archive.sana.sy\/es\/index.php?rest_route=%2Fwp%2Fv2%2Fmedia&parent=66092"}],"wp:term":[{"taxonomy":"category","embeddable":true,"href":"https:\/\/archive.sana.sy\/es\/index.php?rest_route=%2Fwp%2Fv2%2Fcategories&post=66092"},{"taxonomy":"post_tag","embeddable":true,"href":"https:\/\/archive.sana.sy\/es\/index.php?rest_route=%2Fwp%2Fv2%2Ftags&post=66092"}],"curies":[{"name":"wp","href":"https:\/\/api.w.org\/{rel}","templated":true}]}}