{"id":66095,"date":"2017-06-13T17:44:42","date_gmt":"2017-06-13T14:44:42","guid":{"rendered":"http:\/\/www.sana.sy\/es\/?p=66095"},"modified":"2017-06-13T17:44:42","modified_gmt":"2017-06-13T14:44:42","slug":"cazas-iraquies-abaten-a-20-terroristas-del-daesh","status":"publish","type":"post","link":"https:\/\/archive.sana.sy\/es\/?p=66095","title":{"rendered":"Cazas iraqu\u00edes abaten a 20 terroristas del Daesh"},"content":{"rendered":"<p><span style=\"color: #800000\">Bagdad, SANA<\/span>&#8211; Fuerza A\u00e9rea Iraqu\u00ed abati\u00f3 este martes a 20 integrantes terroristas del &#8220;Daesh&#8221; en una serie de bombardeos llevados a cabo en la zona de Al Mtaibijh, en la frontera entre las provincias de Diyala y Salah al-Din.<\/p>\n<p>&#8220;Las preliminares informaciones disponibles sobre las p\u00e9rdidas de Daesh en un ataque afirman la eliminaci\u00f3n de 20 terroristas y la destrucci\u00f3n de cinco carros, entre ellos un carro bomba, &#8221; dijo el alcalde de Jalis, en la provincia de Diyala, Uday Alkhaddran en una declaraci\u00f3n a Alsumaria-news.<\/p>\n<p>En un contexto, el comandante de las Operaciones del r\u00edo Tigris, teniente general Mazhar al-Azzawi, ha anunciado la destrucci\u00f3n de dos sedes del &#8220;Daesh&#8221; y la detenci\u00f3n de 10 personas sospechosos de mantener v\u00ednculos con la banda terrorista en las redadas tuvieron lugar al noroeste de Baquba.<\/p>\n<p>El lunes pasado las fuerzas iraqu\u00edes han recuperado el control de cinco pueblos en la localidad de Al Mahlbah, situada al este de la ciudad de Mosul.<\/p>\n<p>&nbsp;<\/p>\n<p>&nbsp;<\/p>\n<p>M\/Miri<\/p>\n","protected":false},"excerpt":{"rendered":"<p>Bagdad, SANA&#8211; Fuerza A\u00e9rea Iraqu\u00ed abati\u00f3 este martes a 20 integrantes terroristas del &#8220;Daesh&#8221; en una serie de bombardeos llevados a cabo en la zona de Al Mtaibijh, en la frontera entre las provincias de Diyala y Salah al-Din. &#8220;Las preliminares informaciones disponibles sobre las p\u00e9rdidas de Daesh en un ataque afirman la eliminaci\u00f3n de &hellip;<\/p>\n","protected":false},"author":1,"featured_media":66096,"comment_status":"closed","ping_status":"closed","sticky":false,"template":"","format":"standard","meta":{"footnotes":""},"categories":[456,457],"tags":[10461],"class_list":["post-66095","post","type-post","status-publish","format-standard","has-post-thumbnail","","category-arabe-internacional-politica","category-noticias-arabe-internacional-politica","tag-fuerza-aerea-iraqui"],"_links":{"self":[{"href":"https:\/\/archive.sana.sy\/es\/index.php?rest_route=\/wp\/v2\/posts\/66095"}],"collection":[{"href":"https:\/\/archive.sana.sy\/es\/index.php?rest_route=\/wp\/v2\/posts"}],"about":[{"href":"https:\/\/archive.sana.sy\/es\/index.php?rest_route=\/wp\/v2\/types\/post"}],"author":[{"embeddable":true,"href":"https:\/\/archive.sana.sy\/es\/index.php?rest_route=\/wp\/v2\/users\/1"}],"replies":[{"embeddable":true,"href":"https:\/\/archive.sana.sy\/es\/index.php?rest_route=%2Fwp%2Fv2%2Fcomments&post=66095"}],"version-history":[{"count":0,"href":"https:\/\/archive.sana.sy\/es\/index.php?rest_route=\/wp\/v2\/posts\/66095\/revisions"}],"wp:featuredmedia":[{"embeddable":true,"href":"https:\/\/archive.sana.sy\/es\/index.php?rest_route=\/wp\/v2\/media\/66096"}],"wp:attachment":[{"href":"https:\/\/archive.sana.sy\/es\/index.php?rest_route=%2Fwp%2Fv2%2Fmedia&parent=66095"}],"wp:term":[{"taxonomy":"category","embeddable":true,"href":"https:\/\/archive.sana.sy\/es\/index.php?rest_route=%2Fwp%2Fv2%2Fcategories&post=66095"},{"taxonomy":"post_tag","embeddable":true,"href":"https:\/\/archive.sana.sy\/es\/index.php?rest_route=%2Fwp%2Fv2%2Ftags&post=66095"}],"curies":[{"name":"wp","href":"https:\/\/api.w.org\/{rel}","templated":true}]}}