{"id":66102,"date":"2017-06-13T18:37:02","date_gmt":"2017-06-13T15:37:02","guid":{"rendered":"http:\/\/www.sana.sy\/es\/?p=66102"},"modified":"2017-06-13T18:37:02","modified_gmt":"2017-06-13T15:37:02","slug":"gabinete-aborda-asuntos-de-servicios-y-aprueba-exenciones-de-derechos-de-aduana-aplicables-a-importaciones-de-iran","status":"publish","type":"post","link":"https:\/\/archive.sana.sy\/es\/?p=66102","title":{"rendered":"Gabinete aborda asuntos de servicios y aprueba exenciones de derechos de aduana aplicables a importaciones de Ir\u00e1n"},"content":{"rendered":"<p><span style=\"color: #800000\">Damasco, SANA<\/span>&#8211; Los asuntos relacionados con el turismo, la agricultura, las comunicaciones, el trabajo de las asociaciones, la Feria Internacional de Damasco y los servicios en la ciudad de Alepo dominaron la mayor la parte de la agenda de trabajo del Gabinete en su sesi\u00f3n del martes, presidida por el primer ministro, Imad Khamis.<\/p>\n<p>El gabinete discuti\u00f3 un proyecto de ley sobre la creaci\u00f3n de la Autoridad General de Formaci\u00f3n Tur\u00edstica y Hotelera, que goza de independencia financiera y administrativa y afiliada al Ministro de Turismo.<\/p>\n<p>El ministro de Obras P\u00fablicas y Vivienda, Hussein Arnous, director del comit\u00e9 gubernamental encargado de restaurar los servicios a los barrios de Alepo que han sido liberados del terrorismo, inform\u00f3 al gabinete sobre el proceso alcanzado hasta el momento en las obras de rehabilitaci\u00f3n de los servicios e infraestructuras.<\/p>\n<p>El ministro de Econom\u00eda y Comercio Exterior, Mohammad Samer al-Khalil, tambi\u00e9n inform\u00f3 al gabinete sobre los preparativos actuales para el lanzamiento de la 59\u00aa edici\u00f3n de la Feria Internacional de Damasco, aclarando que m\u00e1s de 13 pa\u00edses est\u00e1n dispuestos a participar en la feria.<\/p>\n<p>El gabinete aprob\u00f3 la carta del Ministerio de Comunicaciones y Tecnolog\u00eda sobre las exenciones aplicables a los productos importados para el sector p\u00fablico de la Rep\u00fablica Isl\u00e1mica de Ir\u00e1n de derechos de aduana, impuestos y otros cargos por un per\u00edodo de seis meses a partir del 1 del mes de julio de 2017.<\/p>\n<p>&nbsp;<\/p>\n<p>&nbsp;<\/p>\n<p>M\/Miri<\/p>\n","protected":false},"excerpt":{"rendered":"<p>Damasco, SANA&#8211; Los asuntos relacionados con el turismo, la agricultura, las comunicaciones, el trabajo de las asociaciones, la Feria Internacional de Damasco y los servicios en la ciudad de Alepo dominaron la mayor la parte de la agenda de trabajo del Gabinete en su sesi\u00f3n del martes, presidida por el primer ministro, Imad Khamis. El &hellip;<\/p>\n","protected":false},"author":1,"featured_media":66103,"comment_status":"closed","ping_status":"closed","sticky":false,"template":"","format":"standard","meta":{"footnotes":""},"categories":[477,597,476,7541],"tags":[8593],"class_list":["post-66102","post","type-post","status-publish","format-standard","has-post-thumbnail","","category-noticias-edulcorantes","category-cinta-de-noticias","category-locales","category-ultimas-noticias","tag-gabinete"],"_links":{"self":[{"href":"https:\/\/archive.sana.sy\/es\/index.php?rest_route=\/wp\/v2\/posts\/66102"}],"collection":[{"href":"https:\/\/archive.sana.sy\/es\/index.php?rest_route=\/wp\/v2\/posts"}],"about":[{"href":"https:\/\/archive.sana.sy\/es\/index.php?rest_route=\/wp\/v2\/types\/post"}],"author":[{"embeddable":true,"href":"https:\/\/archive.sana.sy\/es\/index.php?rest_route=\/wp\/v2\/users\/1"}],"replies":[{"embeddable":true,"href":"https:\/\/archive.sana.sy\/es\/index.php?rest_route=%2Fwp%2Fv2%2Fcomments&post=66102"}],"version-history":[{"count":0,"href":"https:\/\/archive.sana.sy\/es\/index.php?rest_route=\/wp\/v2\/posts\/66102\/revisions"}],"wp:featuredmedia":[{"embeddable":true,"href":"https:\/\/archive.sana.sy\/es\/index.php?rest_route=\/wp\/v2\/media\/66103"}],"wp:attachment":[{"href":"https:\/\/archive.sana.sy\/es\/index.php?rest_route=%2Fwp%2Fv2%2Fmedia&parent=66102"}],"wp:term":[{"taxonomy":"category","embeddable":true,"href":"https:\/\/archive.sana.sy\/es\/index.php?rest_route=%2Fwp%2Fv2%2Fcategories&post=66102"},{"taxonomy":"post_tag","embeddable":true,"href":"https:\/\/archive.sana.sy\/es\/index.php?rest_route=%2Fwp%2Fv2%2Ftags&post=66102"}],"curies":[{"name":"wp","href":"https:\/\/api.w.org\/{rel}","templated":true}]}}