{"id":66123,"date":"2017-06-14T17:28:33","date_gmt":"2017-06-14T14:28:33","guid":{"rendered":"http:\/\/www.sana.sy\/es\/?p=66123"},"modified":"2017-06-14T18:31:24","modified_gmt":"2017-06-14T15:31:24","slug":"66123","status":"publish","type":"post","link":"https:\/\/archive.sana.sy\/es\/?p=66123","title":{"rendered":"Coalici\u00f3n Internacional mata a tres civiles al este de la ciudad de Deir Ezzor"},"content":{"rendered":"<p><span style=\"color: #800000\">Deir Ezzor, SANA<\/span><\/p>\n<p>La aviaci\u00f3n de la llamada Coalici\u00f3n Internacional, guiada por EEUU, bombarde\u00f3 un cruce sobre el r\u00edo de \u00c9ufrates al este de la ciudad nororiental de Deir Ezzor, dejando tres m\u00e1rtires, seg\u00fan inform\u00f3 este mi\u00e9rcoles el reportero de SANA.<\/p>\n<p>A\u00f1adi\u00f3 que la redada caus\u00f3 tambi\u00e9n la destrucci\u00f3n de esta v\u00eda usada por los habitantes de dicha zona para llegar a sus tierras agr\u00edcolas en ambas orillas del r\u00edo.<\/p>\n<p>Es de se\u00f1alar que en su \u00faltimo operativo a\u00e9reo, la llamada Coalici\u00f3n utiliz\u00f3 bombas de f\u00f3sforo blanco- arma prohibida a nivel internacional-para atacar los extremos oeste de la ciudad de Raqqa, lo que ocasion\u00f3 17 v\u00edctimas mortales.<\/p>\n<p>Es de se\u00f1alar que dicha alianza internacional, creada fuera del Consejo de Seguridad de la ONU, mat\u00f3 a al menos 66 civiles, ni\u00f1os y mujeres en su gran mayor\u00eda, en el pasado mes de mayo durante sus operativos realizados contra las ciudades de al Mayadeen y Bou Kamal en el campo de Deir Ezzor.<\/p>\n<p>&nbsp;<\/p>\n<p>Lynn A.<\/p>\n","protected":false},"excerpt":{"rendered":"<p>Deir Ezzor, SANA La aviaci\u00f3n de la llamada Coalici\u00f3n Internacional, guiada por EEUU, bombarde\u00f3 un cruce sobre el r\u00edo de \u00c9ufrates al este de la ciudad nororiental de Deir Ezzor, dejando tres m\u00e1rtires, seg\u00fan inform\u00f3 este mi\u00e9rcoles el reportero de SANA. A\u00f1adi\u00f3 que la redada caus\u00f3 tambi\u00e9n la destrucci\u00f3n de esta v\u00eda usada por los &hellip;<\/p>\n","protected":false},"author":24,"featured_media":56951,"comment_status":"closed","ping_status":"closed","sticky":false,"template":"","format":"standard","meta":{"footnotes":""},"categories":[597,573,7541],"tags":[],"class_list":["post-66123","post","type-post","status-publish","format-standard","has-post-thumbnail","","category-cinta-de-noticias","category-la-realidad-de-los-acontecimientos-en-siria","category-ultimas-noticias"],"_links":{"self":[{"href":"https:\/\/archive.sana.sy\/es\/index.php?rest_route=\/wp\/v2\/posts\/66123"}],"collection":[{"href":"https:\/\/archive.sana.sy\/es\/index.php?rest_route=\/wp\/v2\/posts"}],"about":[{"href":"https:\/\/archive.sana.sy\/es\/index.php?rest_route=\/wp\/v2\/types\/post"}],"author":[{"embeddable":true,"href":"https:\/\/archive.sana.sy\/es\/index.php?rest_route=\/wp\/v2\/users\/24"}],"replies":[{"embeddable":true,"href":"https:\/\/archive.sana.sy\/es\/index.php?rest_route=%2Fwp%2Fv2%2Fcomments&post=66123"}],"version-history":[{"count":0,"href":"https:\/\/archive.sana.sy\/es\/index.php?rest_route=\/wp\/v2\/posts\/66123\/revisions"}],"wp:featuredmedia":[{"embeddable":true,"href":"https:\/\/archive.sana.sy\/es\/index.php?rest_route=\/wp\/v2\/media\/56951"}],"wp:attachment":[{"href":"https:\/\/archive.sana.sy\/es\/index.php?rest_route=%2Fwp%2Fv2%2Fmedia&parent=66123"}],"wp:term":[{"taxonomy":"category","embeddable":true,"href":"https:\/\/archive.sana.sy\/es\/index.php?rest_route=%2Fwp%2Fv2%2Fcategories&post=66123"},{"taxonomy":"post_tag","embeddable":true,"href":"https:\/\/archive.sana.sy\/es\/index.php?rest_route=%2Fwp%2Fv2%2Ftags&post=66123"}],"curies":[{"name":"wp","href":"https:\/\/api.w.org\/{rel}","templated":true}]}}