{"id":66135,"date":"2017-06-14T18:56:17","date_gmt":"2017-06-14T15:56:17","guid":{"rendered":"http:\/\/www.sana.sy\/es\/?p=66135"},"modified":"2017-06-14T19:26:59","modified_gmt":"2017-06-14T16:26:59","slug":"embajador-ala-critica-conclusiones-politizadas-del-comite-internacional-de-investigacion-sobre-siria","status":"publish","type":"post","link":"https:\/\/archive.sana.sy\/es\/?p=66135","title":{"rendered":"Embajador Ala critica conclusiones politizadas del Comit\u00e9 Internacional de Investigaci\u00f3n sobre Siria"},"content":{"rendered":"<p><span style=\"color: #800000\">Ginebra, SANA<\/span><\/p>\n<p>El embajador de Siria ante la ONU en Ginebra, Hossam Addin Ala, asever\u00f3 que el hecho de encubrir el papel y la responsabilidad de algunos pa\u00edses en los crimines cometidos por los grupos terroristas en Siria, y las violaciones llevadas a cabo por la aviaci\u00f3n de la il\u00edcita \u201cCoalici\u00f3n estadounidense\u201d no trasmiten una imagen global sino que constituye una confabulaci\u00f3n contra el Estado sirio.<\/p>\n<p>Durante una sesi\u00f3n informativa sobre la situaci\u00f3n en Siria, el alto diplom\u00e1tico sirio se\u00f1al\u00f3 las decisiones del Consejo de Derechos Humanos de la ONU podr\u00edan afectar negativamente las pr\u00f3ximas conversaciones intersirias de Ginebra, y los esfuerzos de reconciliaci\u00f3n nacional y lucha contra el terrorismo en Siria, criticando que las cuales est\u00e1n tomadas bajo la petici\u00f3n de ciertos pa\u00edses que contin\u00faan con sus provocaciones e instigaciones contra Siria.<\/p>\n<p>Asimismo fustig\u00f3 el impacto de estas decisiones en la politizaci\u00f3n de las conclusiones del Comit\u00e9 de Investigaci\u00f3n Internacional, las cuales empujan a este ente a crear falsos casos que no reflejan la imagen completa de la guerra terrorista contra Siria.<\/p>\n<p>El embajador Ala fustig\u00f3 que los miembros del Comit\u00e9 de Investigaci\u00f3n violaron su mandato como ente de investigaci\u00f3n, donde uno de sus integrantes luego de pocas horas del incidente de Khan Sheikun que ocurri\u00f3 en el pasado mes de abril, procedi\u00f3 a conceder entrevistas televisivas, en las que achac\u00f3 al ej\u00e9rcito sirio la responsabilidad del presunto incidente antes de llevar a cabo cualquier investigaci\u00f3n transparente.<\/p>\n<p>Este mismo miembro dio la bienvenida a las amenazas estadounidenses que se tradujeron pocas horas despu\u00e9s a una agresi\u00f3n contra el territorio sirio, inform\u00f3.<\/p>\n<p>Ala aludi\u00f3 que el Comit\u00e9 Internacional de Investigaci\u00f3n pidi\u00f3 a la inteligencia de Turqu\u00eda, pa\u00eds agresor de la soberan\u00eda de Siria, que le reuniera con entes anti sirios como el llamado \u201cGobierno interino\u201d. Esta actitud demuestra la falta de credibilidad e imparcialidad de las fuentes en las que se apoya el Comit\u00e9, sostuvo.<\/p>\n<p>El diplom\u00e1tico sirio llam\u00f3 la atenci\u00f3n a que muchas mentiras creadas \u201cen esta sala\u201d y fuera de la misma para desacreditar al gobierno sirio, entre ellas la del ni\u00f1o Omran Daknish cuyas fotos fueron utilizadas para difamar a las autoridades sirias, ya han sido desenmascaradas, as\u00ed como aludi\u00f3 a la publicaci\u00f3n de un documental que confirma la implicaci\u00f3n de varios pa\u00edses miembros del Consejo de Derechos Humanos al terrorismo en Siria, encabezados por Qatar y Arabia Saudita.<\/p>\n<p>Exigi\u00f3 al Consejo de Derechos Humanos que haga cara a la manipulaci\u00f3n vergonzosa practicada por los patrocinadores del terrorismo, y que impida que &#8220;los derechos humanos nobles sean v\u00edctimas de los juegos pol\u00edticos sospechosos&#8221;.<\/p>\n<p>&nbsp;<\/p>\n<p>&nbsp;<\/p>\n<p>Lynn A.<\/p>\n","protected":false},"excerpt":{"rendered":"<p>Ginebra, SANA El embajador de Siria ante la ONU en Ginebra, Hossam Addin Ala, asever\u00f3 que el hecho de encubrir el papel y la responsabilidad de algunos pa\u00edses en los crimines cometidos por los grupos terroristas en Siria, y las violaciones llevadas a cabo por la aviaci\u00f3n de la il\u00edcita \u201cCoalici\u00f3n estadounidense\u201d no trasmiten una &hellip;<\/p>\n","protected":false},"author":24,"featured_media":54448,"comment_status":"closed","ping_status":"closed","sticky":false,"template":"","format":"standard","meta":{"footnotes":""},"categories":[597,467,583,7541],"tags":[],"class_list":["post-66135","post","type-post","status-publish","format-standard","has-post-thumbnail","","category-cinta-de-noticias","category-siria-y-el-mundo","category-slide","category-ultimas-noticias"],"_links":{"self":[{"href":"https:\/\/archive.sana.sy\/es\/index.php?rest_route=\/wp\/v2\/posts\/66135"}],"collection":[{"href":"https:\/\/archive.sana.sy\/es\/index.php?rest_route=\/wp\/v2\/posts"}],"about":[{"href":"https:\/\/archive.sana.sy\/es\/index.php?rest_route=\/wp\/v2\/types\/post"}],"author":[{"embeddable":true,"href":"https:\/\/archive.sana.sy\/es\/index.php?rest_route=\/wp\/v2\/users\/24"}],"replies":[{"embeddable":true,"href":"https:\/\/archive.sana.sy\/es\/index.php?rest_route=%2Fwp%2Fv2%2Fcomments&post=66135"}],"version-history":[{"count":0,"href":"https:\/\/archive.sana.sy\/es\/index.php?rest_route=\/wp\/v2\/posts\/66135\/revisions"}],"wp:featuredmedia":[{"embeddable":true,"href":"https:\/\/archive.sana.sy\/es\/index.php?rest_route=\/wp\/v2\/media\/54448"}],"wp:attachment":[{"href":"https:\/\/archive.sana.sy\/es\/index.php?rest_route=%2Fwp%2Fv2%2Fmedia&parent=66135"}],"wp:term":[{"taxonomy":"category","embeddable":true,"href":"https:\/\/archive.sana.sy\/es\/index.php?rest_route=%2Fwp%2Fv2%2Fcategories&post=66135"},{"taxonomy":"post_tag","embeddable":true,"href":"https:\/\/archive.sana.sy\/es\/index.php?rest_route=%2Fwp%2Fv2%2Ftags&post=66135"}],"curies":[{"name":"wp","href":"https:\/\/api.w.org\/{rel}","templated":true}]}}