{"id":66141,"date":"2017-06-14T19:26:20","date_gmt":"2017-06-14T16:26:20","guid":{"rendered":"http:\/\/www.sana.sy\/es\/?p=66141"},"modified":"2017-06-14T19:26:20","modified_gmt":"2017-06-14T16:26:20","slug":"presidenta-del-parlamento-sirio-se-reune-con-representante-del-mufti-de-rusia","status":"publish","type":"post","link":"https:\/\/archive.sana.sy\/es\/?p=66141","title":{"rendered":"Presidenta del Parlamento sirio se re\u00fane con representante del Muft\u00ed de Rusia"},"content":{"rendered":"<p><span style=\"color: #800000\">Damasco, SANA<\/span><\/p>\n<p>La presidenta de la Asamblea del Pueblo, Hadiya Abbas, abord\u00f3 con una delegaci\u00f3n rusa, presidida por el representante del Muft\u00ed de Rusia, el jeque Rami Sadikov, la creaci\u00f3n de una oficina encargada de la coordinaci\u00f3n entre la Asamblea del Pueblo y el Centro de Hmeimim para la reconciliaci\u00f3n y ayuda.<\/p>\n<p>Abbas elogi\u00f3 la labor humanitaria de la delegaci\u00f3n rusa, y destac\u00f3 la importancia de la cooperaci\u00f3n sirio-rusa, as\u00ed como apreci\u00f3 altamente los enormes sacrificios del ej\u00e9rcito ruso en su lucha al lado del Ej\u00e9rcito \u00c1rabe Sirio contra el terrorismo.<\/p>\n<p>Sadikov a su vez transmiti\u00f3 un mensaje dirigido por el Muft\u00ed de Rusia a los sirios de que todos los musulmanes de Rusia est\u00e1n rezando por la recuperaci\u00f3n de Siria que se enfrenta al terrorismo.<\/p>\n<p>Asimismo resalt\u00f3 la necesidad de dar continuidad a la coordinaci\u00f3n entre los parlamentarios rusos y sirios para resolver los asuntos que impidan la repartici\u00f3n de las ayudas.<\/p>\n<p>&nbsp;<\/p>\n<p>&nbsp;<\/p>\n<p>Lynn A.<\/p>\n","protected":false},"excerpt":{"rendered":"<p>Damasco, SANA La presidenta de la Asamblea del Pueblo, Hadiya Abbas, abord\u00f3 con una delegaci\u00f3n rusa, presidida por el representante del Muft\u00ed de Rusia, el jeque Rami Sadikov, la creaci\u00f3n de una oficina encargada de la coordinaci\u00f3n entre la Asamblea del Pueblo y el Centro de Hmeimim para la reconciliaci\u00f3n y ayuda. Abbas elogi\u00f3 la &hellip;<\/p>\n","protected":false},"author":24,"featured_media":66142,"comment_status":"closed","ping_status":"closed","sticky":false,"template":"","format":"standard","meta":{"footnotes":""},"categories":[597,476],"tags":[],"class_list":["post-66141","post","type-post","status-publish","format-standard","has-post-thumbnail","","category-cinta-de-noticias","category-locales"],"_links":{"self":[{"href":"https:\/\/archive.sana.sy\/es\/index.php?rest_route=\/wp\/v2\/posts\/66141"}],"collection":[{"href":"https:\/\/archive.sana.sy\/es\/index.php?rest_route=\/wp\/v2\/posts"}],"about":[{"href":"https:\/\/archive.sana.sy\/es\/index.php?rest_route=\/wp\/v2\/types\/post"}],"author":[{"embeddable":true,"href":"https:\/\/archive.sana.sy\/es\/index.php?rest_route=\/wp\/v2\/users\/24"}],"replies":[{"embeddable":true,"href":"https:\/\/archive.sana.sy\/es\/index.php?rest_route=%2Fwp%2Fv2%2Fcomments&post=66141"}],"version-history":[{"count":0,"href":"https:\/\/archive.sana.sy\/es\/index.php?rest_route=\/wp\/v2\/posts\/66141\/revisions"}],"wp:featuredmedia":[{"embeddable":true,"href":"https:\/\/archive.sana.sy\/es\/index.php?rest_route=\/wp\/v2\/media\/66142"}],"wp:attachment":[{"href":"https:\/\/archive.sana.sy\/es\/index.php?rest_route=%2Fwp%2Fv2%2Fmedia&parent=66141"}],"wp:term":[{"taxonomy":"category","embeddable":true,"href":"https:\/\/archive.sana.sy\/es\/index.php?rest_route=%2Fwp%2Fv2%2Fcategories&post=66141"},{"taxonomy":"post_tag","embeddable":true,"href":"https:\/\/archive.sana.sy\/es\/index.php?rest_route=%2Fwp%2Fv2%2Ftags&post=66141"}],"curies":[{"name":"wp","href":"https:\/\/api.w.org\/{rel}","templated":true}]}}