{"id":66151,"date":"2017-06-15T17:45:35","date_gmt":"2017-06-15T14:45:35","guid":{"rendered":"http:\/\/www.sana.sy\/es\/?p=66151"},"modified":"2017-06-15T17:45:47","modified_gmt":"2017-06-15T14:45:47","slug":"cazabombarderos-y-la-artilleria-bombardean-feudos-de-daesh-en-la-provincia-de-deir-ezzor","status":"publish","type":"post","link":"https:\/\/archive.sana.sy\/es\/?p=66151","title":{"rendered":"Cazabombarderos y la artiller\u00eda bombardean feudos de DAESH en la provincia de Deir Ezzor"},"content":{"rendered":"<p>Deir Ezzor, SANA<\/p>\n<p>Las fuerzas a\u00e9reas y la artiller\u00eda del ej\u00e9rcito sirio bombardearon sedes y fortificaciones de la organizaci\u00f3n terrorista de Daesh en la periferia de la zona de al-Panorama, el aeropuerto, al-Makaber, al-Tharda, y los barrios de al-Ummal y al-Matar al-Qadim, al-Huwaiqa, al-Rushdiyeh, Badiyat al-Taim, y Huaiyat Saker, as\u00ed como en las inmediaciones de la colina de Brok y en el pueblo de Marat en la ciudad de Deir Ezzor y su periferia.<\/p>\n<p>Los bombardeos dejaron numerosos muertos y heridos entre las filas de la organizaci\u00f3n terrorista takfiri.<\/p>\n<p>En el mismo contexto, el reportero de SANA inform\u00f3 que unidades castrenses sirias chocaron con grupos terroristas pertenecientes al EIIL que intentaron atacar puestos militares en el eje de la zona de al-Panorama y los barrios de al-Rushdiye y al-Huaika en la ciudad de Deir Ezzor. Los terroristas aprovecharon de las malas condiciones clim\u00e1ticas y de las tormentas de arena para realizar su ataque, sin embargo el ej\u00e9rcito hizo frente a la a agresi\u00f3n terrorista y caus\u00f3 cuantiosas bajas a los terroristas y p\u00e9rdidas en su material b\u00e9lico.<\/p>\n<p>Es de se\u00f1alar que la ciudad de Deir Ezzor presenci\u00f3 ayer una fuerte polvareda, la cual fue aprovechada por los terroristas de Daesh para lanzar arremetidas contra el ej\u00e9rcito sirio o escaparse, donde fuentes civiles confirmaron que el terrorista Abou al-Maghira, unos de los l\u00edderes de la organizaci\u00f3n takfiri, se dio a la fuga de la zona de Mheimdiya en el campo oeste de Deir Ezzor.<\/p>\n<p>Lynn A,.Y.K.<\/p>\n","protected":false},"excerpt":{"rendered":"<p>Deir Ezzor, SANA Las fuerzas a\u00e9reas y la artiller\u00eda del ej\u00e9rcito sirio bombardearon sedes y fortificaciones de la organizaci\u00f3n terrorista de Daesh en la periferia de la zona de al-Panorama, el aeropuerto, al-Makaber, al-Tharda, y los barrios de al-Ummal y al-Matar al-Qadim, al-Huwaiqa, al-Rushdiyeh, Badiyat al-Taim, y Huaiyat Saker, as\u00ed como en las inmediaciones de &hellip;<\/p>\n","protected":false},"author":1,"featured_media":66152,"comment_status":"closed","ping_status":"closed","sticky":false,"template":"","format":"standard","meta":{"footnotes":""},"categories":[573,583],"tags":[],"class_list":["post-66151","post","type-post","status-publish","format-standard","has-post-thumbnail","","category-la-realidad-de-los-acontecimientos-en-siria","category-slide"],"_links":{"self":[{"href":"https:\/\/archive.sana.sy\/es\/index.php?rest_route=\/wp\/v2\/posts\/66151"}],"collection":[{"href":"https:\/\/archive.sana.sy\/es\/index.php?rest_route=\/wp\/v2\/posts"}],"about":[{"href":"https:\/\/archive.sana.sy\/es\/index.php?rest_route=\/wp\/v2\/types\/post"}],"author":[{"embeddable":true,"href":"https:\/\/archive.sana.sy\/es\/index.php?rest_route=\/wp\/v2\/users\/1"}],"replies":[{"embeddable":true,"href":"https:\/\/archive.sana.sy\/es\/index.php?rest_route=%2Fwp%2Fv2%2Fcomments&post=66151"}],"version-history":[{"count":0,"href":"https:\/\/archive.sana.sy\/es\/index.php?rest_route=\/wp\/v2\/posts\/66151\/revisions"}],"wp:featuredmedia":[{"embeddable":true,"href":"https:\/\/archive.sana.sy\/es\/index.php?rest_route=\/wp\/v2\/media\/66152"}],"wp:attachment":[{"href":"https:\/\/archive.sana.sy\/es\/index.php?rest_route=%2Fwp%2Fv2%2Fmedia&parent=66151"}],"wp:term":[{"taxonomy":"category","embeddable":true,"href":"https:\/\/archive.sana.sy\/es\/index.php?rest_route=%2Fwp%2Fv2%2Fcategories&post=66151"},{"taxonomy":"post_tag","embeddable":true,"href":"https:\/\/archive.sana.sy\/es\/index.php?rest_route=%2Fwp%2Fv2%2Ftags&post=66151"}],"curies":[{"name":"wp","href":"https:\/\/api.w.org\/{rel}","templated":true}]}}