{"id":66274,"date":"2017-06-18T18:08:14","date_gmt":"2017-06-18T15:08:14","guid":{"rendered":"http:\/\/www.sana.sy\/es\/?p=66274"},"modified":"2017-06-18T18:08:14","modified_gmt":"2017-06-18T15:08:14","slug":"ejercito-retoma-el-control-de-la-reserva-de-talila-en-el-campo-este-de-palmira-y-continua-ofensiva-contra-eiil-en-deir-ezzor-y-su-campo","status":"publish","type":"post","link":"https:\/\/archive.sana.sy\/es\/?p=66274","title":{"rendered":"Ej\u00e9rcito retoma el control de la reserva de Talila en el campo este de Palmira y contin\u00faa ofensiva contra EIIL en Deir Ezzor y su campo"},"content":{"rendered":"<p>Provincias, SANA<\/p>\n<p>Una fuente militar inform\u00f3 que el ej\u00e9rcito sirio en cooperaci\u00f3n con las fuerzas de respaldo llevaron a cabo un operativo preciso y r\u00e1pido contra terroristas de Daesh en el campo este de Palmira (campo este de la provincia de Homs), en el cual lograron retomar el control de la reserva natural Talila situada a 13 km sur del pueblo de Arak.<\/p>\n<p>En dicho operativo, los uniformados sirios infligieron numerosas bajas entre los terroristas de Daesh y les destruyeron diferentes tipos de veh\u00edculos.<\/p>\n<p>El mi\u00e9rcoles pasado, el ej\u00e9rcito sirio recuper\u00f3 el yacimiento petrol\u00edfero de Arak junto con amplias superficies del campo noreste de la ciudad de Palmira.<\/p>\n<p>Esta operaci\u00f3n va en el marco de los continuos operativos para erradicar a los terroristas de Daesh de la localidad de al Sekhneh en el camino de Deir Ezzor.<\/p>\n<p><span style=\"color: #0000ff\">Deir Ezzor<\/span><\/p>\n<p>En el noreste del pa\u00eds, las unidades castrenses sirias han continuado sus operativos anti Daesh en la ciudad de Deir Ezzor y su campo.<\/p>\n<p>En este marco, la artiller\u00eda siria ocasion\u00f3 muertos y heridos a terroristas de Daesh y les destruy\u00f3 fortificaciones en la periferia de la zona de Panorama, la colina de Brok, el aeropuerto militar, al Tharda, el barrio de al Huaika y al oeste del pueblo de Ayash.<\/p>\n<p>En paralelo, la aviaci\u00f3n militar destruy\u00f3 veh\u00edculos artillados y pesados de terroristas de Daesh e infligi\u00f3 bajas entre sus filas en Hatla y las inmediaciones del aeropuerto militar.<\/p>\n<p>L,A,-Y.K.<\/p>\n","protected":false},"excerpt":{"rendered":"<p>Provincias, SANA Una fuente militar inform\u00f3 que el ej\u00e9rcito sirio en cooperaci\u00f3n con las fuerzas de respaldo llevaron a cabo un operativo preciso y r\u00e1pido contra terroristas de Daesh en el campo este de Palmira (campo este de la provincia de Homs), en el cual lograron retomar el control de la reserva natural Talila situada &hellip;<\/p>\n","protected":false},"author":1,"featured_media":66275,"comment_status":"closed","ping_status":"closed","sticky":false,"template":"","format":"standard","meta":{"footnotes":""},"categories":[573,583],"tags":[],"class_list":["post-66274","post","type-post","status-publish","format-standard","has-post-thumbnail","","category-la-realidad-de-los-acontecimientos-en-siria","category-slide"],"_links":{"self":[{"href":"https:\/\/archive.sana.sy\/es\/index.php?rest_route=\/wp\/v2\/posts\/66274"}],"collection":[{"href":"https:\/\/archive.sana.sy\/es\/index.php?rest_route=\/wp\/v2\/posts"}],"about":[{"href":"https:\/\/archive.sana.sy\/es\/index.php?rest_route=\/wp\/v2\/types\/post"}],"author":[{"embeddable":true,"href":"https:\/\/archive.sana.sy\/es\/index.php?rest_route=\/wp\/v2\/users\/1"}],"replies":[{"embeddable":true,"href":"https:\/\/archive.sana.sy\/es\/index.php?rest_route=%2Fwp%2Fv2%2Fcomments&post=66274"}],"version-history":[{"count":0,"href":"https:\/\/archive.sana.sy\/es\/index.php?rest_route=\/wp\/v2\/posts\/66274\/revisions"}],"wp:featuredmedia":[{"embeddable":true,"href":"https:\/\/archive.sana.sy\/es\/index.php?rest_route=\/wp\/v2\/media\/66275"}],"wp:attachment":[{"href":"https:\/\/archive.sana.sy\/es\/index.php?rest_route=%2Fwp%2Fv2%2Fmedia&parent=66274"}],"wp:term":[{"taxonomy":"category","embeddable":true,"href":"https:\/\/archive.sana.sy\/es\/index.php?rest_route=%2Fwp%2Fv2%2Fcategories&post=66274"},{"taxonomy":"post_tag","embeddable":true,"href":"https:\/\/archive.sana.sy\/es\/index.php?rest_route=%2Fwp%2Fv2%2Ftags&post=66274"}],"curies":[{"name":"wp","href":"https:\/\/api.w.org\/{rel}","templated":true}]}}