{"id":66307,"date":"2017-06-19T17:32:55","date_gmt":"2017-06-19T14:32:55","guid":{"rendered":"http:\/\/www.sana.sy\/es\/?p=66307"},"modified":"2017-06-19T17:32:55","modified_gmt":"2017-06-19T14:32:55","slug":"fuerza-aeroespacial-irani-lanza-misiles-balisticos-contra-sedes-y-concentraciones-del-daesh-en-deir-ezzor","status":"publish","type":"post","link":"https:\/\/archive.sana.sy\/es\/?p=66307","title":{"rendered":"Fuerza aeroespacial iran\u00ed lanza misiles bal\u00edsticos contra sedes y concentraciones del Daesh en Deir Ezzor"},"content":{"rendered":"<p>Teher\u00e1n, SANA<\/p>\n<p>La fuerza aeroespacial del Cuerpo de la Guardia Revolucionaria de Ir\u00e1n (CGRI) atac\u00f3 con misiles bal\u00edsticos desde Ir\u00e1n a posiciones del grupo terrorista Daesh, en la ciudad siria de Deir Ezzor.<\/p>\n<p>El Departamento de Relaciones P\u00fablicas en el CGRI anunci\u00f3 este domingo en un comunicado que lanz\u00f3 estos ataques en respuesta a los atentados perpetrados el pasado 7 de junio por Daesh en la Asamblea Consultiva Isl\u00e1mica de Ir\u00e1n y el mausoleo del fundador de la Rep\u00fablica Isl\u00e1mica, el Imam Jumeini, ambos en Teher\u00e1n, que dejaron un saldo de 17 muertos y m\u00e1s de 50 heridos.<\/p>\n<p>El comunicado agreg\u00f3 que los misiles tierra-tierra de medio alcance han sido disparados desde bases de la Divisi\u00f3n Aeroespacial del CGRI situadas en las provincias de Kermanshah y Kordestan, ambas en el oeste de Ir\u00e1n.<\/p>\n<p>Como consecuencia de dichos ataques, un gran n\u00famero de terroristas ha sido eliminado y grandes cantidades de veh\u00edculos, armas y equipamientos han sido destruidos.<\/p>\n<p>El secretario del Consejo del Discernimiento del Sistema de la Rep\u00fablica Isl\u00e1mica de Ir\u00e1n, Mohsen Rezai, dijo que el ataque \u201ces el inicio de la venganza contra el Daesh, y que la gran bofetada est\u00e1 por venir, agregando que los patrocinadores del terrorismo reciban el mensaje del poder\u00edo de Ir\u00e1n\u201d.<\/p>\n<p>Rezai enfatiz\u00f3 que Ir\u00e1n es serio cuando advierte a sus enemigos que \u201cno jueguen con la cola del le\u00f3n y llam\u00f3 a los adversarios que tomen lecci\u00f3n de lo ocurrido en Siria.<\/p>\n<p>Fadi M-Y.K.<\/p>\n","protected":false},"excerpt":{"rendered":"<p>Teher\u00e1n, SANA La fuerza aeroespacial del Cuerpo de la Guardia Revolucionaria de Ir\u00e1n (CGRI) atac\u00f3 con misiles bal\u00edsticos desde Ir\u00e1n a posiciones del grupo terrorista Daesh, en la ciudad siria de Deir Ezzor. El Departamento de Relaciones P\u00fablicas en el CGRI anunci\u00f3 este domingo en un comunicado que lanz\u00f3 estos ataques en respuesta a los &hellip;<\/p>\n","protected":false},"author":1,"featured_media":66308,"comment_status":"closed","ping_status":"closed","sticky":false,"template":"","format":"standard","meta":{"footnotes":""},"categories":[456,576,7541],"tags":[],"class_list":["post-66307","post","type-post","status-publish","format-standard","has-post-thumbnail","","category-arabe-internacional-politica","category-noticias-politicas","category-ultimas-noticias"],"_links":{"self":[{"href":"https:\/\/archive.sana.sy\/es\/index.php?rest_route=\/wp\/v2\/posts\/66307"}],"collection":[{"href":"https:\/\/archive.sana.sy\/es\/index.php?rest_route=\/wp\/v2\/posts"}],"about":[{"href":"https:\/\/archive.sana.sy\/es\/index.php?rest_route=\/wp\/v2\/types\/post"}],"author":[{"embeddable":true,"href":"https:\/\/archive.sana.sy\/es\/index.php?rest_route=\/wp\/v2\/users\/1"}],"replies":[{"embeddable":true,"href":"https:\/\/archive.sana.sy\/es\/index.php?rest_route=%2Fwp%2Fv2%2Fcomments&post=66307"}],"version-history":[{"count":0,"href":"https:\/\/archive.sana.sy\/es\/index.php?rest_route=\/wp\/v2\/posts\/66307\/revisions"}],"wp:featuredmedia":[{"embeddable":true,"href":"https:\/\/archive.sana.sy\/es\/index.php?rest_route=\/wp\/v2\/media\/66308"}],"wp:attachment":[{"href":"https:\/\/archive.sana.sy\/es\/index.php?rest_route=%2Fwp%2Fv2%2Fmedia&parent=66307"}],"wp:term":[{"taxonomy":"category","embeddable":true,"href":"https:\/\/archive.sana.sy\/es\/index.php?rest_route=%2Fwp%2Fv2%2Fcategories&post=66307"},{"taxonomy":"post_tag","embeddable":true,"href":"https:\/\/archive.sana.sy\/es\/index.php?rest_route=%2Fwp%2Fv2%2Ftags&post=66307"}],"curies":[{"name":"wp","href":"https:\/\/api.w.org\/{rel}","templated":true}]}}