{"id":66314,"date":"2017-06-19T17:36:49","date_gmt":"2017-06-19T14:36:49","guid":{"rendered":"http:\/\/www.sana.sy\/es\/?p=66314"},"modified":"2017-06-19T17:36:49","modified_gmt":"2017-06-19T14:36:49","slug":"ataques-misilisticos-contra-el-daesh-son-una-respuesta-dura-de-teheran-contra-los-terroristas-y-sus-patrocinadores","status":"publish","type":"post","link":"https:\/\/archive.sana.sy\/es\/?p=66314","title":{"rendered":"Ataques misil\u00edsticos contra el Daesh son una respuesta dura de Teher\u00e1n contra los terroristas y sus patrocinadores"},"content":{"rendered":"<p>Teher\u00e1n, SANA<\/p>\n<p>El presidente de la Comisi\u00f3n de Seguridad Nacional y Pol\u00edtica Exterior de la Asamblea Consultiva Isl\u00e1mica de Ir\u00e1n, Alaeddin Boruyerdi, dijo que su pa\u00eds lanzar\u00e1 ataques contra los terroristas desde su propio suelo siempre que lo considere necesario.\u200e<\/p>\n<p>En una entrevista concedida a la agencia Tasnim, Boruyerdi destac\u00f3 que el ataque misil\u00edstico fue una medida oportuna, inteligente y loable y advirti\u00f3 a los terroristas de que la Rep\u00fablica Isl\u00e1mica de Ir\u00e1n, una potencia regional y mundial, no tolerar\u00e1 actos que alteren su seguridad.<\/p>\n<p>El portavoz de la Canciller\u00eda de Ir\u00e1n, Bahram Qasemi, anunci\u00f3 que \u201cla Rep\u00fablica Isl\u00e1mica de Ir\u00e1n, bas\u00e1ndose en su pol\u00edtica esencial e invariable de luchar incesantemente contra los grupos terroristas y tras coordinarse con el Gobierno leg\u00edtimo sirio, ha propinado un certero golpe en el seno de los grupos terroristas y en sus sedes en Deir Ezzor\u201d.<\/p>\n<p>Por otro lado, el general Ramezan Sharif, portavoz del Cuerpo de Guardianes de la Revoluci\u00f3n Isl\u00e1mica, dijo que &#8220;el lanzamiento de estos misiles hab\u00eda sido previamente coordinado con Siria y los misiles entraron en el espacio a\u00e9reo sirio a trav\u00e9s de Irak&#8221;.<\/p>\n<p>El general Sharif asegur\u00f3 que los proyectiles impactaron en los objetivos, entre los que mencion\u00f3 cuarteles generales, dep\u00f3sitos de municiones y bases log\u00edsticas de los terroristas.<\/p>\n<p>&nbsp;<\/p>\n<p>Fadi M-Y.K.<\/p>\n","protected":false},"excerpt":{"rendered":"<p>Teher\u00e1n, SANA El presidente de la Comisi\u00f3n de Seguridad Nacional y Pol\u00edtica Exterior de la Asamblea Consultiva Isl\u00e1mica de Ir\u00e1n, Alaeddin Boruyerdi, dijo que su pa\u00eds lanzar\u00e1 ataques contra los terroristas desde su propio suelo siempre que lo considere necesario.\u200e En una entrevista concedida a la agencia Tasnim, Boruyerdi destac\u00f3 que el ataque misil\u00edstico fue &hellip;<\/p>\n","protected":false},"author":1,"featured_media":66315,"comment_status":"closed","ping_status":"closed","sticky":false,"template":"","format":"standard","meta":{"footnotes":""},"categories":[456,457,7541],"tags":[],"class_list":["post-66314","post","type-post","status-publish","format-standard","has-post-thumbnail","","category-arabe-internacional-politica","category-noticias-arabe-internacional-politica","category-ultimas-noticias"],"_links":{"self":[{"href":"https:\/\/archive.sana.sy\/es\/index.php?rest_route=\/wp\/v2\/posts\/66314"}],"collection":[{"href":"https:\/\/archive.sana.sy\/es\/index.php?rest_route=\/wp\/v2\/posts"}],"about":[{"href":"https:\/\/archive.sana.sy\/es\/index.php?rest_route=\/wp\/v2\/types\/post"}],"author":[{"embeddable":true,"href":"https:\/\/archive.sana.sy\/es\/index.php?rest_route=\/wp\/v2\/users\/1"}],"replies":[{"embeddable":true,"href":"https:\/\/archive.sana.sy\/es\/index.php?rest_route=%2Fwp%2Fv2%2Fcomments&post=66314"}],"version-history":[{"count":0,"href":"https:\/\/archive.sana.sy\/es\/index.php?rest_route=\/wp\/v2\/posts\/66314\/revisions"}],"wp:featuredmedia":[{"embeddable":true,"href":"https:\/\/archive.sana.sy\/es\/index.php?rest_route=\/wp\/v2\/media\/66315"}],"wp:attachment":[{"href":"https:\/\/archive.sana.sy\/es\/index.php?rest_route=%2Fwp%2Fv2%2Fmedia&parent=66314"}],"wp:term":[{"taxonomy":"category","embeddable":true,"href":"https:\/\/archive.sana.sy\/es\/index.php?rest_route=%2Fwp%2Fv2%2Fcategories&post=66314"},{"taxonomy":"post_tag","embeddable":true,"href":"https:\/\/archive.sana.sy\/es\/index.php?rest_route=%2Fwp%2Fv2%2Ftags&post=66314"}],"curies":[{"name":"wp","href":"https:\/\/api.w.org\/{rel}","templated":true}]}}