{"id":66450,"date":"2017-06-22T17:10:52","date_gmt":"2017-06-22T14:10:52","guid":{"rendered":"http:\/\/www.sana.sy\/es\/?p=66450"},"modified":"2017-06-22T18:12:49","modified_gmt":"2017-06-22T15:12:49","slug":"siria-y-la-republica-checa-abordan-promover-las-relaciones-interparlamentarias-y-economicas","status":"publish","type":"post","link":"https:\/\/archive.sana.sy\/es\/?p=66450","title":{"rendered":"Siria y la Rep\u00fablica Checa abordan promover las relaciones interparlamentarias y econ\u00f3micas"},"content":{"rendered":"<p>Damasco, SANA<\/p>\n<p>La presidenta del Parlamento sirio, Hadiya Abbas, destac\u00f3 la importancia de impulsar las relaciones entre Siria y la Rep\u00fablica Checa, sobre todo las interparlamentarias, lo que aportar\u00e1 el bien a ambos pa\u00edses amigos.<\/p>\n<p>Durante su encuentro con la embajadora de Chequia ante Damasco, Eva Filipi, y los miembros de la Asociaci\u00f3n de Amistad sirio-checa del Parlamento sirio, Abbas aludi\u00f3 a la necesidad de reactivar la labor de la Asociaci\u00f3n a fin de mejorar la comunicaci\u00f3n entre los parlamentarios sirios y sus pares checos.<\/p>\n<p>Resalt\u00f3 que una de las metas de la creaci\u00f3n de esta asociaci\u00f3n es promover la comunicaci\u00f3n con la comunidad siria en la Rep\u00fablica Checa, y sostuvo que \u201cSiria est\u00e1 determinada a continuar la lucha contra el terrorismo y cualquier triunfo que logra es un triunfo para todo el mundo\u201d.<\/p>\n<p>Por su parte, Filipi manifest\u00f3 el deseo de su pa\u00eds de reactivar las relaciones interparlamentarias, econ\u00f3micas y comerciales.<\/p>\n<p>A su vez, los miembros de la Asociaci\u00f3n sirio-checa resaltaron la necesidad de elaborar una visi\u00f3n futura de las relaciones binacionales, elogiando las posturas de Chequia en apoyo de Siria frente al terrorismo.<\/p>\n<p>Lynn A.<\/p>\n","protected":false},"excerpt":{"rendered":"<p>Damasco, SANA La presidenta del Parlamento sirio, Hadiya Abbas, destac\u00f3 la importancia de impulsar las relaciones entre Siria y la Rep\u00fablica Checa, sobre todo las interparlamentarias, lo que aportar\u00e1 el bien a ambos pa\u00edses amigos. Durante su encuentro con la embajadora de Chequia ante Damasco, Eva Filipi, y los miembros de la Asociaci\u00f3n de Amistad &hellip;<\/p>\n","protected":false},"author":1,"featured_media":66452,"comment_status":"closed","ping_status":"closed","sticky":false,"template":"","format":"standard","meta":{"footnotes":""},"categories":[477,476,7541],"tags":[],"class_list":["post-66450","post","type-post","status-publish","format-standard","has-post-thumbnail","","category-noticias-edulcorantes","category-locales","category-ultimas-noticias"],"_links":{"self":[{"href":"https:\/\/archive.sana.sy\/es\/index.php?rest_route=\/wp\/v2\/posts\/66450"}],"collection":[{"href":"https:\/\/archive.sana.sy\/es\/index.php?rest_route=\/wp\/v2\/posts"}],"about":[{"href":"https:\/\/archive.sana.sy\/es\/index.php?rest_route=\/wp\/v2\/types\/post"}],"author":[{"embeddable":true,"href":"https:\/\/archive.sana.sy\/es\/index.php?rest_route=\/wp\/v2\/users\/1"}],"replies":[{"embeddable":true,"href":"https:\/\/archive.sana.sy\/es\/index.php?rest_route=%2Fwp%2Fv2%2Fcomments&post=66450"}],"version-history":[{"count":0,"href":"https:\/\/archive.sana.sy\/es\/index.php?rest_route=\/wp\/v2\/posts\/66450\/revisions"}],"wp:featuredmedia":[{"embeddable":true,"href":"https:\/\/archive.sana.sy\/es\/index.php?rest_route=\/wp\/v2\/media\/66452"}],"wp:attachment":[{"href":"https:\/\/archive.sana.sy\/es\/index.php?rest_route=%2Fwp%2Fv2%2Fmedia&parent=66450"}],"wp:term":[{"taxonomy":"category","embeddable":true,"href":"https:\/\/archive.sana.sy\/es\/index.php?rest_route=%2Fwp%2Fv2%2Fcategories&post=66450"},{"taxonomy":"post_tag","embeddable":true,"href":"https:\/\/archive.sana.sy\/es\/index.php?rest_route=%2Fwp%2Fv2%2Ftags&post=66450"}],"curies":[{"name":"wp","href":"https:\/\/api.w.org\/{rel}","templated":true}]}}