{"id":66507,"date":"2017-06-23T16:42:29","date_gmt":"2017-06-23T13:42:29","guid":{"rendered":"http:\/\/www.sana.sy\/es\/?p=66507"},"modified":"2017-06-23T16:42:29","modified_gmt":"2017-06-23T13:42:29","slug":"ozerov-la-muerte-del-lider-del-ei-es-muy-probable","status":"publish","type":"post","link":"https:\/\/archive.sana.sy\/es\/?p=66507","title":{"rendered":"Ozerov: La muerte del l\u00edder del EI \u00a0es \u2018muy probable\u2019"},"content":{"rendered":"<p><span style=\"color: #800000\">Mosc\u00fa, SANA<\/span>&#8211; El jefe de la Federaci\u00f3n Consejo de la Comisi\u00f3n de defensa y seguridad, Viktor Ozerov, declar\u00f3 que la posibilidad de la liquidaci\u00f3n del de l\u00edder del grupo terroristas &#8220;Daesh&#8221; Abu Bakr al-Baghdadi, es muy grande y podr\u00eda ser &#8220;cien por cienconfirmada&#8221;.<\/p>\n<p>Por su parte, el vicecanciller ruso, Oleg Syromolotov, anunci\u00f3 que es \u2018muy probable\u2019 que el l\u00edder del grupo terrorista EI haya muerto en los ataques de Rusia.<\/p>\n<p>Seg\u00fan informaciones del Ministerio de Defensa de Rusia, es muy probable que Al-Baghdadi haya sido eliminado en un ataque de las Fuerzas Aeroespaciales de Rusia contra un puesto de mando de los combatientes (de EI) al sur de la ciudad de Al-Raqa (norte de Siria) a finales de mayo.<\/p>\n<p>&nbsp;<\/p>\n<p>&nbsp;<\/p>\n<p>M\/Miri<\/p>\n<p>&nbsp;<\/p>\n","protected":false},"excerpt":{"rendered":"<p>Mosc\u00fa, SANA&#8211; El jefe de la Federaci\u00f3n Consejo de la Comisi\u00f3n de defensa y seguridad, Viktor Ozerov, declar\u00f3 que la posibilidad de la liquidaci\u00f3n del de l\u00edder del grupo terroristas &#8220;Daesh&#8221; Abu Bakr al-Baghdadi, es muy grande y podr\u00eda ser &#8220;cien por cienconfirmada&#8221;. Por su parte, el vicecanciller ruso, Oleg Syromolotov, anunci\u00f3 que es \u2018muy &hellip;<\/p>\n","protected":false},"author":1,"featured_media":66508,"comment_status":"closed","ping_status":"closed","sticky":false,"template":"","format":"standard","meta":{"footnotes":""},"categories":[597,467,7541],"tags":[10506],"class_list":["post-66507","post","type-post","status-publish","format-standard","has-post-thumbnail","","category-cinta-de-noticias","category-siria-y-el-mundo","category-ultimas-noticias","tag-viktor-ozerov"],"_links":{"self":[{"href":"https:\/\/archive.sana.sy\/es\/index.php?rest_route=\/wp\/v2\/posts\/66507"}],"collection":[{"href":"https:\/\/archive.sana.sy\/es\/index.php?rest_route=\/wp\/v2\/posts"}],"about":[{"href":"https:\/\/archive.sana.sy\/es\/index.php?rest_route=\/wp\/v2\/types\/post"}],"author":[{"embeddable":true,"href":"https:\/\/archive.sana.sy\/es\/index.php?rest_route=\/wp\/v2\/users\/1"}],"replies":[{"embeddable":true,"href":"https:\/\/archive.sana.sy\/es\/index.php?rest_route=%2Fwp%2Fv2%2Fcomments&post=66507"}],"version-history":[{"count":0,"href":"https:\/\/archive.sana.sy\/es\/index.php?rest_route=\/wp\/v2\/posts\/66507\/revisions"}],"wp:featuredmedia":[{"embeddable":true,"href":"https:\/\/archive.sana.sy\/es\/index.php?rest_route=\/wp\/v2\/media\/66508"}],"wp:attachment":[{"href":"https:\/\/archive.sana.sy\/es\/index.php?rest_route=%2Fwp%2Fv2%2Fmedia&parent=66507"}],"wp:term":[{"taxonomy":"category","embeddable":true,"href":"https:\/\/archive.sana.sy\/es\/index.php?rest_route=%2Fwp%2Fv2%2Fcategories&post=66507"},{"taxonomy":"post_tag","embeddable":true,"href":"https:\/\/archive.sana.sy\/es\/index.php?rest_route=%2Fwp%2Fv2%2Ftags&post=66507"}],"curies":[{"name":"wp","href":"https:\/\/api.w.org\/{rel}","templated":true}]}}