{"id":66530,"date":"2017-06-24T11:24:54","date_gmt":"2017-06-24T08:24:54","guid":{"rendered":"http:\/\/www.sana.sy\/es\/?p=66530"},"modified":"2017-06-24T11:54:44","modified_gmt":"2017-06-24T08:54:44","slug":"fuerza-aerea-aniquila-a-14-terroristas-del-daesh-en-deir-ezzor-y-destruye-centros-de-agrupacion-en-homs-y-hama","status":"publish","type":"post","link":"https:\/\/archive.sana.sy\/es\/?p=66530","title":{"rendered":"Fuerza A\u00e9rea  aniquila a 14 terroristas del Daesh en Deir Ezzor y destruye centros de agrupaci\u00f3n en Homs y Hama"},"content":{"rendered":"<p>&nbsp;<\/p>\n<p><span style=\"color: #800000;\">Deir Ezzor \u2013SANA<\/span><\/p>\n<p>&nbsp;<\/p>\n<p><span style=\"color: #0000ff;\">Deir Ezzor<\/span><\/p>\n<p>La Fuerza A\u00e9rea destruy\u00f3 una sede de los terroristas de Daesh, dos carros equipadas con ametralladoras pesadas y aniquil\u00f3 a 14 terroristas en la localidad de Muhemida en la comarca oeste de la provincia.<\/p>\n<p>La aviaci\u00f3n militar realiz\u00f3 una serie de incursiones contra centros de agrupaci\u00f3n y fortines de los terroristas de Daesh en los barrios de al Hamidieh, al Urfi, Khasarat, las inmediaciones del Batall\u00f3n 137, las inmediaciones de al Panorama, y en las localidades de al Yeneneh, Ayash, al Beghelieh, causando muertos y heridos en filas de los terroristas.<\/p>\n<p>La artiller\u00eda del Ej\u00e9rcito sirio aniquil\u00f3 a varios terroristas de Daesh en ataques intensivos contra sus posiciones en las inmediaciones del aeropuerto, la colina del Sunuf, y el monte al Tharda, entre otras, en la comarca este de Deir Ezzor.<\/p>\n<p><span style=\"color: #0000ff;\">Homs y Hama<\/span><\/p>\n<p>la aviaci\u00f3n militar intensific\u00f3 sus ataques contra refugios y sedes de los terroristas de Daesh en el campo de Homs.<\/p>\n<p>Una fuente militar inform\u00f3 que la Fuerza A\u00e9rea arras\u00f3 centros de agrupaci\u00f3n y veh\u00edculos de los terroristas de Daesh al sureste de al Sukhneh en la comarca este de la provincia.<\/p>\n<p>En la provincia de Hama, cazas sirios aniquilaron a decenas de los terroristas de Daesh al este de las colinas de al Tanahuy en el campo de la provincia, y destruy\u00f3 reductos y sedes de Daesh en Tabaret Diba y Qleib al Thour en la comarca este de la provincia.<\/p>\n<p>&nbsp;<\/p>\n<p><span style=\"color: #0000ff;\">Raqqa<\/span><\/p>\n<p>La Fuerza a\u00e9rea intensific\u00f3 sus ataques contra los terroristas de Daesh en la comarca oeste de al Raqqa.<\/p>\n<p>Una fuente militar inform\u00f3 que las incursiones a\u00e9reas se centraron contra l\u00edneas de suministro de Daesh y sus reductos al sur de la localidad \u00a0de \u00a0Khirbet Zeidan , y al oeste de Abu al Uluy en el campo de al Raqqa, causando bajas mortales y p\u00e9rdidas materiales.<\/p>\n<p><span style=\"color: #0000ff;\">Damasco Campo<\/span><\/p>\n<p>Una unidad del Ej\u00e9rcito sirio acab\u00f3 con la mayor\u00eda de un grupo terrorista en las inmediaciones de al Batra en el campo de Damasco.<\/p>\n<p>Una fuente militar inform\u00f3 que una unidad del Ej\u00e9rcito se enfrent\u00f3 a un grupo terrorista que atac\u00f3 algunos puntos militares en las inmediaciones de la Zona de al Batra, en el la comarca este de Damasco Campo.<\/p>\n<p>Los violentos enfrentamientos terminaron tras frustrar el ataque y la muerte de la mayor\u00eda de los terroristas y destruir sus armas y municiones.<\/p>\n<p><span style=\"color: #0000ff;\">Deraa<\/span><\/p>\n<p>Unidades del Ej\u00e9rcito acabaron con varios terroristas del Frente de al Nusra en los barrios de al Sad, al Abaseya, el Campamento de al Nazehin en la zona de Deraa al Balad.<\/p>\n<p>&nbsp;<\/p>\n<p>&nbsp;<\/p>\n<p><em><span style=\"color: #0000ff;\">Akram. S<\/span><\/em><\/p>\n","protected":false},"excerpt":{"rendered":"<p>&nbsp; Deir Ezzor \u2013SANA &nbsp; Deir Ezzor La Fuerza A\u00e9rea destruy\u00f3 una sede de los terroristas de Daesh, dos carros equipadas con ametralladoras pesadas y aniquil\u00f3 a 14 terroristas en la localidad de Muhemida en la comarca oeste de la provincia. La aviaci\u00f3n militar realiz\u00f3 una serie de incursiones contra centros de agrupaci\u00f3n y fortines &hellip;<\/p>\n","protected":false},"author":1,"featured_media":66531,"comment_status":"closed","ping_status":"closed","sticky":false,"template":"","format":"standard","meta":{"footnotes":""},"categories":[597,573,583,7541],"tags":[],"class_list":["post-66530","post","type-post","status-publish","format-standard","has-post-thumbnail","","category-cinta-de-noticias","category-la-realidad-de-los-acontecimientos-en-siria","category-slide","category-ultimas-noticias"],"_links":{"self":[{"href":"https:\/\/archive.sana.sy\/es\/index.php?rest_route=\/wp\/v2\/posts\/66530"}],"collection":[{"href":"https:\/\/archive.sana.sy\/es\/index.php?rest_route=\/wp\/v2\/posts"}],"about":[{"href":"https:\/\/archive.sana.sy\/es\/index.php?rest_route=\/wp\/v2\/types\/post"}],"author":[{"embeddable":true,"href":"https:\/\/archive.sana.sy\/es\/index.php?rest_route=\/wp\/v2\/users\/1"}],"replies":[{"embeddable":true,"href":"https:\/\/archive.sana.sy\/es\/index.php?rest_route=%2Fwp%2Fv2%2Fcomments&post=66530"}],"version-history":[{"count":0,"href":"https:\/\/archive.sana.sy\/es\/index.php?rest_route=\/wp\/v2\/posts\/66530\/revisions"}],"wp:featuredmedia":[{"embeddable":true,"href":"https:\/\/archive.sana.sy\/es\/index.php?rest_route=\/wp\/v2\/media\/66531"}],"wp:attachment":[{"href":"https:\/\/archive.sana.sy\/es\/index.php?rest_route=%2Fwp%2Fv2%2Fmedia&parent=66530"}],"wp:term":[{"taxonomy":"category","embeddable":true,"href":"https:\/\/archive.sana.sy\/es\/index.php?rest_route=%2Fwp%2Fv2%2Fcategories&post=66530"},{"taxonomy":"post_tag","embeddable":true,"href":"https:\/\/archive.sana.sy\/es\/index.php?rest_route=%2Fwp%2Fv2%2Ftags&post=66530"}],"curies":[{"name":"wp","href":"https:\/\/api.w.org\/{rel}","templated":true}]}}