{"id":66533,"date":"2017-06-24T11:48:18","date_gmt":"2017-06-24T08:48:18","guid":{"rendered":"http:\/\/www.sana.sy\/es\/?p=66533"},"modified":"2017-06-24T12:07:57","modified_gmt":"2017-06-24T09:07:57","slug":"abdurahmanov-desea-que-washington-preste-una-atencion-especial-a-las-zonas-de-distension-en-siria","status":"publish","type":"post","link":"https:\/\/archive.sana.sy\/es\/?p=66533","title":{"rendered":"Abdurahmanov desea que Washington preste una especial atenci\u00f3n  a las zonas de distensi\u00f3n en Siria"},"content":{"rendered":"<p><span style=\"color: #800000;\">Astan\u00e1-SANA<\/span><\/p>\n<p>El ministro de Exteriores kazajo, Khairat Abdurahmanvo, manifest\u00f3 su esperanza de que Washington prestara una especial atenci\u00f3n a crear zonas de distensi\u00f3n en Siria.<\/p>\n<p>Abdurahmanov dijo durante el Foro Medi\u00e1tico de Eurasia que ya es hora para tomar medidas efectivas para crear zonas de distensi\u00f3n en Siria, y deseamos de todos los actores, incluido EEUU prestar una especial atenci\u00f3n a este logro alcanzado durante el proceso pol\u00edtico en Astan\u00e1.<\/p>\n<p>Abdurahmanov consider\u00f3 que la participaci\u00f3n de EEUU en las conversaciones de Astan\u00e1 el pasado mayo confirma el compromiso de esta nueva administraci\u00f3n con este proceso, y subray\u00f3 que la creaci\u00f3n de cuatro zonas de distensi\u00f3n en Siria es un paso para encontrar una soluci\u00f3n a la crisis.<\/p>\n<p>&nbsp;<\/p>\n<p>&nbsp;<\/p>\n<p><em><span style=\"color: #0000ff;\">Akram. S<\/span><\/em><\/p>\n","protected":false},"excerpt":{"rendered":"<p>Astan\u00e1-SANA El ministro de Exteriores kazajo, Khairat Abdurahmanvo, manifest\u00f3 su esperanza de que Washington prestara una especial atenci\u00f3n a crear zonas de distensi\u00f3n en Siria. Abdurahmanov dijo durante el Foro Medi\u00e1tico de Eurasia que ya es hora para tomar medidas efectivas para crear zonas de distensi\u00f3n en Siria, y deseamos de todos los actores, incluido &hellip;<\/p>\n","protected":false},"author":1,"featured_media":66534,"comment_status":"closed","ping_status":"closed","sticky":false,"template":"","format":"standard","meta":{"footnotes":""},"categories":[597,467,7541],"tags":[],"class_list":["post-66533","post","type-post","status-publish","format-standard","has-post-thumbnail","","category-cinta-de-noticias","category-siria-y-el-mundo","category-ultimas-noticias"],"_links":{"self":[{"href":"https:\/\/archive.sana.sy\/es\/index.php?rest_route=\/wp\/v2\/posts\/66533"}],"collection":[{"href":"https:\/\/archive.sana.sy\/es\/index.php?rest_route=\/wp\/v2\/posts"}],"about":[{"href":"https:\/\/archive.sana.sy\/es\/index.php?rest_route=\/wp\/v2\/types\/post"}],"author":[{"embeddable":true,"href":"https:\/\/archive.sana.sy\/es\/index.php?rest_route=\/wp\/v2\/users\/1"}],"replies":[{"embeddable":true,"href":"https:\/\/archive.sana.sy\/es\/index.php?rest_route=%2Fwp%2Fv2%2Fcomments&post=66533"}],"version-history":[{"count":0,"href":"https:\/\/archive.sana.sy\/es\/index.php?rest_route=\/wp\/v2\/posts\/66533\/revisions"}],"wp:featuredmedia":[{"embeddable":true,"href":"https:\/\/archive.sana.sy\/es\/index.php?rest_route=\/wp\/v2\/media\/66534"}],"wp:attachment":[{"href":"https:\/\/archive.sana.sy\/es\/index.php?rest_route=%2Fwp%2Fv2%2Fmedia&parent=66533"}],"wp:term":[{"taxonomy":"category","embeddable":true,"href":"https:\/\/archive.sana.sy\/es\/index.php?rest_route=%2Fwp%2Fv2%2Fcategories&post=66533"},{"taxonomy":"post_tag","embeddable":true,"href":"https:\/\/archive.sana.sy\/es\/index.php?rest_route=%2Fwp%2Fv2%2Ftags&post=66533"}],"curies":[{"name":"wp","href":"https:\/\/api.w.org\/{rel}","templated":true}]}}