{"id":66548,"date":"2017-06-24T17:12:02","date_gmt":"2017-06-24T14:12:02","guid":{"rendered":"http:\/\/www.sana.sy\/es\/?p=66548"},"modified":"2017-06-24T17:35:50","modified_gmt":"2017-06-24T14:35:50","slug":"unos-672-arrestados-estan-en-libertad-en-varias-provincias-para-reforzar-el-proceso-de-reconciliaciones","status":"publish","type":"post","link":"https:\/\/archive.sana.sy\/es\/?p=66548","title":{"rendered":"Unos 672 arrestados est\u00e1n en libertad en varias provincias para reforzar el proceso de reconciliaciones"},"content":{"rendered":"<p>&nbsp;<\/p>\n<p><span style=\"color: #800000;\">Damasco-SANA<\/span><\/p>\n<p>Decenas de detenidos ya est\u00e1n en libertad en varias provincias, en el marco de reforzar las reconciliaciones nacionales.<\/p>\n<p>El ministro de Justicia, el jeuz Hisham al Shaar, dijo que unos 672 detenidos ya est\u00e1n en libertad en varias provincias, la mayor\u00eda son de la prisi\u00f3n central de Damasco, unos 588 detenidos entre ellos 91 mujeres.<\/p>\n<p>El ministro al Shaar se\u00f1al\u00f3 que algunos detenidos puestos en libertad ser\u00e1n sometidos a juicios rutinarios.<\/p>\n<p>El ministro de Justicia aclar\u00f3 que dejar en libertad a estos arrestados viene en el marco de reforzar las reconciliaciones nacionales, y dar una oportunidad a quienes fueron enga\u00f1ados para volver a su vida cotidiana y participar en la reconstrucci\u00f3n de Siria.<\/p>\n<p>&nbsp;<\/p>\n<p><span style=\"color: #0000ff;\">Akram. S<\/span><\/p>\n","protected":false},"excerpt":{"rendered":"<p>&nbsp; Damasco-SANA Decenas de detenidos ya est\u00e1n en libertad en varias provincias, en el marco de reforzar las reconciliaciones nacionales. El ministro de Justicia, el jeuz Hisham al Shaar, dijo que unos 672 detenidos ya est\u00e1n en libertad en varias provincias, la mayor\u00eda son de la prisi\u00f3n central de Damasco, unos 588 detenidos entre ellos &hellip;<\/p>\n","protected":false},"author":1,"featured_media":66549,"comment_status":"closed","ping_status":"closed","sticky":false,"template":"","format":"standard","meta":{"footnotes":""},"categories":[597,573,476,583,7541],"tags":[],"class_list":["post-66548","post","type-post","status-publish","format-standard","has-post-thumbnail","","category-cinta-de-noticias","category-la-realidad-de-los-acontecimientos-en-siria","category-locales","category-slide","category-ultimas-noticias"],"_links":{"self":[{"href":"https:\/\/archive.sana.sy\/es\/index.php?rest_route=\/wp\/v2\/posts\/66548"}],"collection":[{"href":"https:\/\/archive.sana.sy\/es\/index.php?rest_route=\/wp\/v2\/posts"}],"about":[{"href":"https:\/\/archive.sana.sy\/es\/index.php?rest_route=\/wp\/v2\/types\/post"}],"author":[{"embeddable":true,"href":"https:\/\/archive.sana.sy\/es\/index.php?rest_route=\/wp\/v2\/users\/1"}],"replies":[{"embeddable":true,"href":"https:\/\/archive.sana.sy\/es\/index.php?rest_route=%2Fwp%2Fv2%2Fcomments&post=66548"}],"version-history":[{"count":0,"href":"https:\/\/archive.sana.sy\/es\/index.php?rest_route=\/wp\/v2\/posts\/66548\/revisions"}],"wp:featuredmedia":[{"embeddable":true,"href":"https:\/\/archive.sana.sy\/es\/index.php?rest_route=\/wp\/v2\/media\/66549"}],"wp:attachment":[{"href":"https:\/\/archive.sana.sy\/es\/index.php?rest_route=%2Fwp%2Fv2%2Fmedia&parent=66548"}],"wp:term":[{"taxonomy":"category","embeddable":true,"href":"https:\/\/archive.sana.sy\/es\/index.php?rest_route=%2Fwp%2Fv2%2Fcategories&post=66548"},{"taxonomy":"post_tag","embeddable":true,"href":"https:\/\/archive.sana.sy\/es\/index.php?rest_route=%2Fwp%2Fv2%2Ftags&post=66548"}],"curies":[{"name":"wp","href":"https:\/\/api.w.org\/{rel}","templated":true}]}}