{"id":66551,"date":"2017-06-24T17:28:58","date_gmt":"2017-06-24T14:28:58","guid":{"rendered":"http:\/\/www.sana.sy\/es\/?p=66551"},"modified":"2017-06-24T17:28:58","modified_gmt":"2017-06-24T14:28:58","slug":"union-de-los-ulemas-del-levante-condena-el-intento-de-atentar-contra-la-gran-mezquita-de-la-meca","status":"publish","type":"post","link":"https:\/\/archive.sana.sy\/es\/?p=66551","title":{"rendered":"Uni\u00f3n de los Ulemas del Levante condena el intento de atentar contra la Gran Mezquita de la Meca"},"content":{"rendered":"<p>&nbsp;<\/p>\n<p><span style=\"color: #800000;\">Damasco-SANA<\/span><\/p>\n<p>La Uni\u00f3n de los Ulemas del Levante conden\u00f3 el intento de atentar contra la Gran Mezquita de la Meca en Arabia Saud\u00ed, y afirm\u00f3 la necesidad de luchar contra el terrorismo dondequiera que est\u00e9.<\/p>\n<p>El r\u00e9gimen saud\u00ed anunci\u00f3 anoche frustrar un atentado terrorista contra la Gran Mezquita de la Meca, y arrest\u00f3 a 5 personas relacionadas con el plan, mientras que una sexta persona se inmol\u00f3.<\/p>\n<p>La Uni\u00f3n de los Ulemas reiter\u00f3 en un comunicado que el extremismo ideol\u00f3gico es el ambiente favorable para el terrorismo y extender su peligro en cualquier lugar, y Siria sufri\u00f3 mucho del terrorismo que profana los lugares sagrados, extiende la destrucci\u00f3n y la ruina, y mata a los inocentes.<\/p>\n<p>El comunicado a\u00f1adi\u00f3: \u201cQuien apoya al terrorismo va a quemarse en su fuego y le alcanzar\u00e1n sus cr\u00edmenes, y todas las naciones tienen el deber de luchar contra el terrorismo y el extremismo porque es un peligro contra la humanidad\u201d.<\/p>\n<p>&nbsp;<\/p>\n<p><span style=\"color: #0000ff;\">Akram. S<\/span><\/p>\n","protected":false},"excerpt":{"rendered":"<p>&nbsp; Damasco-SANA La Uni\u00f3n de los Ulemas del Levante conden\u00f3 el intento de atentar contra la Gran Mezquita de la Meca en Arabia Saud\u00ed, y afirm\u00f3 la necesidad de luchar contra el terrorismo dondequiera que est\u00e9. El r\u00e9gimen saud\u00ed anunci\u00f3 anoche frustrar un atentado terrorista contra la Gran Mezquita de la Meca, y arrest\u00f3 a &hellip;<\/p>\n","protected":false},"author":1,"featured_media":66552,"comment_status":"closed","ping_status":"closed","sticky":false,"template":"","format":"standard","meta":{"footnotes":""},"categories":[597,476,467,7541],"tags":[],"class_list":["post-66551","post","type-post","status-publish","format-standard","has-post-thumbnail","","category-cinta-de-noticias","category-locales","category-siria-y-el-mundo","category-ultimas-noticias"],"_links":{"self":[{"href":"https:\/\/archive.sana.sy\/es\/index.php?rest_route=\/wp\/v2\/posts\/66551"}],"collection":[{"href":"https:\/\/archive.sana.sy\/es\/index.php?rest_route=\/wp\/v2\/posts"}],"about":[{"href":"https:\/\/archive.sana.sy\/es\/index.php?rest_route=\/wp\/v2\/types\/post"}],"author":[{"embeddable":true,"href":"https:\/\/archive.sana.sy\/es\/index.php?rest_route=\/wp\/v2\/users\/1"}],"replies":[{"embeddable":true,"href":"https:\/\/archive.sana.sy\/es\/index.php?rest_route=%2Fwp%2Fv2%2Fcomments&post=66551"}],"version-history":[{"count":0,"href":"https:\/\/archive.sana.sy\/es\/index.php?rest_route=\/wp\/v2\/posts\/66551\/revisions"}],"wp:featuredmedia":[{"embeddable":true,"href":"https:\/\/archive.sana.sy\/es\/index.php?rest_route=\/wp\/v2\/media\/66552"}],"wp:attachment":[{"href":"https:\/\/archive.sana.sy\/es\/index.php?rest_route=%2Fwp%2Fv2%2Fmedia&parent=66551"}],"wp:term":[{"taxonomy":"category","embeddable":true,"href":"https:\/\/archive.sana.sy\/es\/index.php?rest_route=%2Fwp%2Fv2%2Fcategories&post=66551"},{"taxonomy":"post_tag","embeddable":true,"href":"https:\/\/archive.sana.sy\/es\/index.php?rest_route=%2Fwp%2Fv2%2Ftags&post=66551"}],"curies":[{"name":"wp","href":"https:\/\/api.w.org\/{rel}","templated":true}]}}