{"id":66964,"date":"2017-07-03T18:02:42","date_gmt":"2017-07-03T15:02:42","guid":{"rendered":"http:\/\/www.sana.sy\/es\/?p=66964"},"modified":"2017-07-03T18:02:42","modified_gmt":"2017-07-03T15:02:42","slug":"comando-del-ejercito-anuncia-cese-de-acciones-militares-por-5-dias-en-deraa-sweidaa-y-qunietra","status":"publish","type":"post","link":"https:\/\/archive.sana.sy\/es\/?p=66964","title":{"rendered":"Comando del Ej\u00e9rcito anuncia cese de acciones militares por 5 d\u00edas en Deraa, Sweidaa, y Qunietra"},"content":{"rendered":"<p>Damasco-SANA<\/p>\n<p>El Comando General del Ej\u00e9rcito anunci\u00f3 hoy el cese de las acciones militares por 5 d\u00edas en las provincias de Deraa, Sweidaa, y Qunietra.<\/p>\n<p>El Comando General del Ej\u00e9rcito dijo en un comunicado: \u00a8Con el objetivo de apoyar el proceso de paz y las reconciliaciones nacionales, el Comando ha anunciado el cese de las acciones militares en la regi\u00f3n sur del pa\u00eds que incluye Deraa, Sweidaa, y Qunietra\u00a8, se\u00f1alando que el cese de acciones militares tendr\u00e1 efecto a partir de las 12:00 horas del d\u00eda 2\u20197\u20192017 hasta 00:00 horas del 6-7-2\u201917.<\/p>\n<p>La nota afirma que el ej\u00e9rcito responder\u00e1 a cualquier violaci\u00f3n por los medios adecuados.<\/p>\n<p>Y.K.<\/p>\n","protected":false},"excerpt":{"rendered":"<p>Damasco-SANA El Comando General del Ej\u00e9rcito anunci\u00f3 hoy el cese de las acciones militares por 5 d\u00edas en las provincias de Deraa, Sweidaa, y Qunietra. El Comando General del Ej\u00e9rcito dijo en un comunicado: \u00a8Con el objetivo de apoyar el proceso de paz y las reconciliaciones nacionales, el Comando ha anunciado el cese de las &hellip;<\/p>\n","protected":false},"author":1,"featured_media":53250,"comment_status":"closed","ping_status":"closed","sticky":false,"template":"","format":"standard","meta":{"footnotes":""},"categories":[573,583],"tags":[],"class_list":["post-66964","post","type-post","status-publish","format-standard","has-post-thumbnail","","category-la-realidad-de-los-acontecimientos-en-siria","category-slide"],"_links":{"self":[{"href":"https:\/\/archive.sana.sy\/es\/index.php?rest_route=\/wp\/v2\/posts\/66964"}],"collection":[{"href":"https:\/\/archive.sana.sy\/es\/index.php?rest_route=\/wp\/v2\/posts"}],"about":[{"href":"https:\/\/archive.sana.sy\/es\/index.php?rest_route=\/wp\/v2\/types\/post"}],"author":[{"embeddable":true,"href":"https:\/\/archive.sana.sy\/es\/index.php?rest_route=\/wp\/v2\/users\/1"}],"replies":[{"embeddable":true,"href":"https:\/\/archive.sana.sy\/es\/index.php?rest_route=%2Fwp%2Fv2%2Fcomments&post=66964"}],"version-history":[{"count":0,"href":"https:\/\/archive.sana.sy\/es\/index.php?rest_route=\/wp\/v2\/posts\/66964\/revisions"}],"wp:featuredmedia":[{"embeddable":true,"href":"https:\/\/archive.sana.sy\/es\/index.php?rest_route=\/wp\/v2\/media\/53250"}],"wp:attachment":[{"href":"https:\/\/archive.sana.sy\/es\/index.php?rest_route=%2Fwp%2Fv2%2Fmedia&parent=66964"}],"wp:term":[{"taxonomy":"category","embeddable":true,"href":"https:\/\/archive.sana.sy\/es\/index.php?rest_route=%2Fwp%2Fv2%2Fcategories&post=66964"},{"taxonomy":"post_tag","embeddable":true,"href":"https:\/\/archive.sana.sy\/es\/index.php?rest_route=%2Fwp%2Fv2%2Ftags&post=66964"}],"curies":[{"name":"wp","href":"https:\/\/api.w.org\/{rel}","templated":true}]}}