{"id":67269,"date":"2017-07-10T20:25:47","date_gmt":"2017-07-10T17:25:47","guid":{"rendered":"http:\/\/www.sana.sy\/es\/?p=67269"},"modified":"2017-07-10T20:25:47","modified_gmt":"2017-07-10T17:25:47","slug":"decenas-de-familias-del-barrio-de-al-waer-llegan-a-la-localidad-de-tadef-en-el-campo-de-alepo-provenientes-de-la-ciudad-de-yarablus","status":"publish","type":"post","link":"https:\/\/archive.sana.sy\/es\/?p=67269","title":{"rendered":"Decenas de familias del barrio de al Waer llegan a la localidad de Tadef en el campo de Alepo provenientes de la ciudad de Yarablus"},"content":{"rendered":"<p>&nbsp;<\/p>\n<p><span style=\"color: #800000;\">Alepo-SANA<\/span><\/p>\n<p>Decenas de familias del barrio de al Waer han vuelto hoy a la localidad de Tadef en el campo de Alepo en preparaci\u00f3n para llevarles a sus hogares en el barrio del que salieron el pasado mes de mayo.<\/p>\n<p>El corresponsal de SANA inform\u00f3 que decenas de personas llegaron a la localidad de Tadef al este de Alepo provenientes de Yarablus, de las que salieron el pasado mes de mayo del barrio de al Waer en la ciudad de Homs en el marco del acuerdo de reconciliaci\u00f3n.<\/p>\n<p>Todos los retornados regresar\u00e1n a sus hogares en el barrio y se les ofrecer\u00e1 todas las ayudas y productos b\u00e1sicos necesarios para poder iniciar una nueva vida.<\/p>\n<p>Las familias hablaron de la situaci\u00f3n tr\u00e1gica y el tratamiento inhumano que vivieron en los campamentos, adem\u00e1s de la humillaci\u00f3n por parte de los grupos armados terroristas.<\/p>\n<p>&nbsp;<\/p>\n<p><span style=\"color: #0000ff;\">Akram. S<\/span><\/p>\n","protected":false},"excerpt":{"rendered":"<p>&nbsp; Alepo-SANA Decenas de familias del barrio de al Waer han vuelto hoy a la localidad de Tadef en el campo de Alepo en preparaci\u00f3n para llevarles a sus hogares en el barrio del que salieron el pasado mes de mayo. El corresponsal de SANA inform\u00f3 que decenas de personas llegaron a la localidad de &hellip;<\/p>\n","protected":false},"author":1,"featured_media":67270,"comment_status":"closed","ping_status":"closed","sticky":false,"template":"","format":"standard","meta":{"footnotes":""},"categories":[597,476,7541],"tags":[],"class_list":["post-67269","post","type-post","status-publish","format-standard","has-post-thumbnail","","category-cinta-de-noticias","category-locales","category-ultimas-noticias"],"_links":{"self":[{"href":"https:\/\/archive.sana.sy\/es\/index.php?rest_route=\/wp\/v2\/posts\/67269"}],"collection":[{"href":"https:\/\/archive.sana.sy\/es\/index.php?rest_route=\/wp\/v2\/posts"}],"about":[{"href":"https:\/\/archive.sana.sy\/es\/index.php?rest_route=\/wp\/v2\/types\/post"}],"author":[{"embeddable":true,"href":"https:\/\/archive.sana.sy\/es\/index.php?rest_route=\/wp\/v2\/users\/1"}],"replies":[{"embeddable":true,"href":"https:\/\/archive.sana.sy\/es\/index.php?rest_route=%2Fwp%2Fv2%2Fcomments&post=67269"}],"version-history":[{"count":0,"href":"https:\/\/archive.sana.sy\/es\/index.php?rest_route=\/wp\/v2\/posts\/67269\/revisions"}],"wp:featuredmedia":[{"embeddable":true,"href":"https:\/\/archive.sana.sy\/es\/index.php?rest_route=\/wp\/v2\/media\/67270"}],"wp:attachment":[{"href":"https:\/\/archive.sana.sy\/es\/index.php?rest_route=%2Fwp%2Fv2%2Fmedia&parent=67269"}],"wp:term":[{"taxonomy":"category","embeddable":true,"href":"https:\/\/archive.sana.sy\/es\/index.php?rest_route=%2Fwp%2Fv2%2Fcategories&post=67269"},{"taxonomy":"post_tag","embeddable":true,"href":"https:\/\/archive.sana.sy\/es\/index.php?rest_route=%2Fwp%2Fv2%2Ftags&post=67269"}],"curies":[{"name":"wp","href":"https:\/\/api.w.org\/{rel}","templated":true}]}}