{"id":67272,"date":"2017-07-10T20:37:41","date_gmt":"2017-07-10T17:37:41","guid":{"rendered":"http:\/\/www.sana.sy\/es\/?p=67272"},"modified":"2017-07-10T20:37:41","modified_gmt":"2017-07-10T17:37:41","slug":"la-cancilleria-checa-saluda-el-acuerdo-de-cese-de-hostilidades-al-sur-de-siria","status":"publish","type":"post","link":"https:\/\/archive.sana.sy\/es\/?p=67272","title":{"rendered":"La canciller\u00eda checa saluda el acuerdo de cese de hostilidades al sur de Siria"},"content":{"rendered":"<p>&nbsp;<\/p>\n<p><span style=\"color: #800000;\">Praga-SANA<\/span><\/p>\n<p>El ministerio de Exteriores checo salud\u00f3 el acuerdo de cese de hostilidades al sur de Siria, manifestando su confianza de que el cumplimiento del acuerdo contribuir\u00eda a llegar a un acuerdo en toda Siria y mejorar\u00eda la llegada de ayuda humanitaria.<\/p>\n<p>Esta iniciativa es una participaci\u00f3n en el cumplimiento de la resoluci\u00f3n del Consejo de Seguridad 2254 de 2015, dijo en un comunicado, subrayando su apoyo para continuar las conversaciones sobre una soluci\u00f3n pol\u00edtica a la crisis siria bajo supervisi\u00f3n de la ONU.<\/p>\n<p>El viernes pasado, el presidente ruso Vladimir Putin acord\u00f3 con su hom\u00f3logo estadounidense en la ciudad de Hamburgo establecer una zona de distensi\u00f3n al sur de Siria.<\/p>\n<p>&nbsp;<\/p>\n<p><span style=\"color: #0000ff;\">Akram. S<\/span><\/p>\n","protected":false},"excerpt":{"rendered":"<p>&nbsp; Praga-SANA El ministerio de Exteriores checo salud\u00f3 el acuerdo de cese de hostilidades al sur de Siria, manifestando su confianza de que el cumplimiento del acuerdo contribuir\u00eda a llegar a un acuerdo en toda Siria y mejorar\u00eda la llegada de ayuda humanitaria. Esta iniciativa es una participaci\u00f3n en el cumplimiento de la resoluci\u00f3n del &hellip;<\/p>\n","protected":false},"author":1,"featured_media":67273,"comment_status":"closed","ping_status":"closed","sticky":false,"template":"","format":"standard","meta":{"footnotes":""},"categories":[597,467,7541],"tags":[],"class_list":["post-67272","post","type-post","status-publish","format-standard","has-post-thumbnail","","category-cinta-de-noticias","category-siria-y-el-mundo","category-ultimas-noticias"],"_links":{"self":[{"href":"https:\/\/archive.sana.sy\/es\/index.php?rest_route=\/wp\/v2\/posts\/67272"}],"collection":[{"href":"https:\/\/archive.sana.sy\/es\/index.php?rest_route=\/wp\/v2\/posts"}],"about":[{"href":"https:\/\/archive.sana.sy\/es\/index.php?rest_route=\/wp\/v2\/types\/post"}],"author":[{"embeddable":true,"href":"https:\/\/archive.sana.sy\/es\/index.php?rest_route=\/wp\/v2\/users\/1"}],"replies":[{"embeddable":true,"href":"https:\/\/archive.sana.sy\/es\/index.php?rest_route=%2Fwp%2Fv2%2Fcomments&post=67272"}],"version-history":[{"count":0,"href":"https:\/\/archive.sana.sy\/es\/index.php?rest_route=\/wp\/v2\/posts\/67272\/revisions"}],"wp:featuredmedia":[{"embeddable":true,"href":"https:\/\/archive.sana.sy\/es\/index.php?rest_route=\/wp\/v2\/media\/67273"}],"wp:attachment":[{"href":"https:\/\/archive.sana.sy\/es\/index.php?rest_route=%2Fwp%2Fv2%2Fmedia&parent=67272"}],"wp:term":[{"taxonomy":"category","embeddable":true,"href":"https:\/\/archive.sana.sy\/es\/index.php?rest_route=%2Fwp%2Fv2%2Fcategories&post=67272"},{"taxonomy":"post_tag","embeddable":true,"href":"https:\/\/archive.sana.sy\/es\/index.php?rest_route=%2Fwp%2Fv2%2Ftags&post=67272"}],"curies":[{"name":"wp","href":"https:\/\/api.w.org\/{rel}","templated":true}]}}