{"id":67278,"date":"2017-07-10T21:12:00","date_gmt":"2017-07-10T18:12:00","guid":{"rendered":"http:\/\/www.sana.sy\/es\/?p=67278"},"modified":"2017-07-10T21:12:00","modified_gmt":"2017-07-10T18:12:00","slug":"qasem-la-firmeza-y-los-sacrificios-de-siria-contra-el-terrorismo-derrocaron-todos-los-retos","status":"publish","type":"post","link":"https:\/\/archive.sana.sy\/es\/?p=67278","title":{"rendered":"Qasem: la firmeza y los sacrificios de Siria contra el terrorismo derrocaron todos los retos"},"content":{"rendered":"<p>&nbsp;<\/p>\n<p><span style=\"color: #800000;\">Beirut-SANA<\/span><\/p>\n<p>El Secretario General adjunto de Hizbol\u00e1, el jeque Naeim Qasem, afirm\u00f3 que la firmeza y los sacrificios de Siria contra el terrorismo derrocaron todos los retos, y ya empez\u00f3 a tomar las iniciativas de la liberaci\u00f3n en diferentes zonas.<\/p>\n<p>Estamos ante la firmeza de Siria despu\u00e9s de que fue amenazada por el proyecto terrorista destructivo, y el \u00e9xito del Eje de la Resistencia pudo enfrentarse al proyecto estadounidense-sionista.<\/p>\n<p>Qasem felicit\u00f3 a Irak por la liberaci\u00f3n de la ciudad de Mosul de los terroristas de Daesh, y esta victoria contra Daesh es una victoria para la soberan\u00eda iraqu\u00ed.<\/p>\n<p>&nbsp;<\/p>\n<p><span style=\"color: #0000ff;\">Akram. S<\/span><\/p>\n","protected":false},"excerpt":{"rendered":"<p>&nbsp; Beirut-SANA El Secretario General adjunto de Hizbol\u00e1, el jeque Naeim Qasem, afirm\u00f3 que la firmeza y los sacrificios de Siria contra el terrorismo derrocaron todos los retos, y ya empez\u00f3 a tomar las iniciativas de la liberaci\u00f3n en diferentes zonas. Estamos ante la firmeza de Siria despu\u00e9s de que fue amenazada por el proyecto &hellip;<\/p>\n","protected":false},"author":1,"featured_media":67279,"comment_status":"closed","ping_status":"closed","sticky":false,"template":"","format":"standard","meta":{"footnotes":""},"categories":[597,467,7541],"tags":[],"class_list":["post-67278","post","type-post","status-publish","format-standard","has-post-thumbnail","","category-cinta-de-noticias","category-siria-y-el-mundo","category-ultimas-noticias"],"_links":{"self":[{"href":"https:\/\/archive.sana.sy\/es\/index.php?rest_route=\/wp\/v2\/posts\/67278"}],"collection":[{"href":"https:\/\/archive.sana.sy\/es\/index.php?rest_route=\/wp\/v2\/posts"}],"about":[{"href":"https:\/\/archive.sana.sy\/es\/index.php?rest_route=\/wp\/v2\/types\/post"}],"author":[{"embeddable":true,"href":"https:\/\/archive.sana.sy\/es\/index.php?rest_route=\/wp\/v2\/users\/1"}],"replies":[{"embeddable":true,"href":"https:\/\/archive.sana.sy\/es\/index.php?rest_route=%2Fwp%2Fv2%2Fcomments&post=67278"}],"version-history":[{"count":0,"href":"https:\/\/archive.sana.sy\/es\/index.php?rest_route=\/wp\/v2\/posts\/67278\/revisions"}],"wp:featuredmedia":[{"embeddable":true,"href":"https:\/\/archive.sana.sy\/es\/index.php?rest_route=\/wp\/v2\/media\/67279"}],"wp:attachment":[{"href":"https:\/\/archive.sana.sy\/es\/index.php?rest_route=%2Fwp%2Fv2%2Fmedia&parent=67278"}],"wp:term":[{"taxonomy":"category","embeddable":true,"href":"https:\/\/archive.sana.sy\/es\/index.php?rest_route=%2Fwp%2Fv2%2Fcategories&post=67278"},{"taxonomy":"post_tag","embeddable":true,"href":"https:\/\/archive.sana.sy\/es\/index.php?rest_route=%2Fwp%2Fv2%2Ftags&post=67278"}],"curies":[{"name":"wp","href":"https:\/\/api.w.org\/{rel}","templated":true}]}}