{"id":67281,"date":"2017-07-11T15:41:27","date_gmt":"2017-07-11T12:41:27","guid":{"rendered":"http:\/\/www.sana.sy\/es\/?p=67281"},"modified":"2017-07-11T15:41:27","modified_gmt":"2017-07-11T12:41:27","slug":"trump-los-dias-del-daesh-en-irak-y-siria-estan-contados","status":"publish","type":"post","link":"https:\/\/archive.sana.sy\/es\/?p=67281","title":{"rendered":"Trump: Los d\u00edas del &#8220;Daesh&#8221; en Irak y Siria est\u00e1n contados"},"content":{"rendered":"<p><span style=\"color: #800000\">Washington, SANA<\/span>&#8211; El presidente estadounidense, Donald Trump, dijo que &#8220;la victoria de las fuerzas iraqu\u00edes en la ciudad de Mosul es una se\u00f1al de que los d\u00edas del grupo Daesh en Irak y Siria est\u00e1n contados.&#8221;<\/p>\n<p>Seg\u00fan inform\u00f3 la Agencia France-Presse, Trump felicit\u00f3 en un comunicado a los iraqu\u00edes por la victoria en Mosul, y agreg\u00f3 que Washington seguir\u00e1 trabajando hasta la eliminaci\u00f3n del grupo terrorista &#8220;Daesh&#8221;.<\/p>\n<p>El primer ministro iraqu\u00ed Haidar Abbadi, anunci\u00f3 el lunes la liberaci\u00f3n completa de la ciudad de Mosul de los terroristas del Daesh.<\/p>\n<p>&nbsp;<\/p>\n<p>&nbsp;<\/p>\n<p>Fady M\/ M Miri<\/p>\n","protected":false},"excerpt":{"rendered":"<p>Washington, SANA&#8211; El presidente estadounidense, Donald Trump, dijo que &#8220;la victoria de las fuerzas iraqu\u00edes en la ciudad de Mosul es una se\u00f1al de que los d\u00edas del grupo Daesh en Irak y Siria est\u00e1n contados.&#8221; Seg\u00fan inform\u00f3 la Agencia France-Presse, Trump felicit\u00f3 en un comunicado a los iraqu\u00edes por la victoria en Mosul, y &hellip;<\/p>\n","protected":false},"author":1,"featured_media":67282,"comment_status":"closed","ping_status":"closed","sticky":false,"template":"","format":"standard","meta":{"footnotes":""},"categories":[456,457],"tags":[10554],"class_list":["post-67281","post","type-post","status-publish","format-standard","has-post-thumbnail","","category-arabe-internacional-politica","category-noticias-arabe-internacional-politica","tag-donald-trump"],"_links":{"self":[{"href":"https:\/\/archive.sana.sy\/es\/index.php?rest_route=\/wp\/v2\/posts\/67281"}],"collection":[{"href":"https:\/\/archive.sana.sy\/es\/index.php?rest_route=\/wp\/v2\/posts"}],"about":[{"href":"https:\/\/archive.sana.sy\/es\/index.php?rest_route=\/wp\/v2\/types\/post"}],"author":[{"embeddable":true,"href":"https:\/\/archive.sana.sy\/es\/index.php?rest_route=\/wp\/v2\/users\/1"}],"replies":[{"embeddable":true,"href":"https:\/\/archive.sana.sy\/es\/index.php?rest_route=%2Fwp%2Fv2%2Fcomments&post=67281"}],"version-history":[{"count":0,"href":"https:\/\/archive.sana.sy\/es\/index.php?rest_route=\/wp\/v2\/posts\/67281\/revisions"}],"wp:featuredmedia":[{"embeddable":true,"href":"https:\/\/archive.sana.sy\/es\/index.php?rest_route=\/wp\/v2\/media\/67282"}],"wp:attachment":[{"href":"https:\/\/archive.sana.sy\/es\/index.php?rest_route=%2Fwp%2Fv2%2Fmedia&parent=67281"}],"wp:term":[{"taxonomy":"category","embeddable":true,"href":"https:\/\/archive.sana.sy\/es\/index.php?rest_route=%2Fwp%2Fv2%2Fcategories&post=67281"},{"taxonomy":"post_tag","embeddable":true,"href":"https:\/\/archive.sana.sy\/es\/index.php?rest_route=%2Fwp%2Fv2%2Ftags&post=67281"}],"curies":[{"name":"wp","href":"https:\/\/api.w.org\/{rel}","templated":true}]}}