{"id":67284,"date":"2017-07-11T15:47:24","date_gmt":"2017-07-11T12:47:24","guid":{"rendered":"http:\/\/www.sana.sy\/es\/?p=67284"},"modified":"2017-07-11T15:47:24","modified_gmt":"2017-07-11T12:47:24","slug":"mufti-llama-a-desarrollar-el-discurso-religioso-en-las-mezquitas-y-las-iglesias","status":"publish","type":"post","link":"https:\/\/archive.sana.sy\/es\/?p=67284","title":{"rendered":"Muft\u00ed llama a desarrollar el discurso religioso en las mezquitas y las iglesias"},"content":{"rendered":"<p>Hama, SANA- El Gran Muft\u00ed de la Rep\u00fablica, Ahmad Badr Eddin Hassoun, reafirm\u00f3 la necesidad de desarrollar el discurso religioso para que abarque no s\u00f3lo cuestiones de la religi\u00f3n sino tambi\u00e9n los problemas sociales y econ\u00f3micos, y la situaci\u00f3n de los j\u00f3venes y sus aspiraciones.<\/p>\n<p>Durante su reuni\u00f3n en la provincia de Hama con estudiosos de la religi\u00f3n isl\u00e1mica y una serie de imanes y predicadores, el Muft\u00ed dijo que el desarrollo del discurso religioso permite acceder a la mente y el pensamiento de los miembros de la sociedad e influir de manera positiva y eficaz.<\/p>\n<p>La m\u00e1xima autoridad religiosa siria llam\u00f3 a adoptar nuevo mecanismo para discurso religioso fundado en la promoci\u00f3n de la pertenencia a la patria y el patriotismo y fomentar los valores del trabajo duro por el desarrollo del pa\u00eds en paralelo con las victorias contra el terrorismo&#8221;.<\/p>\n<p>Por otro lado, el Muft\u00ed se reuni\u00f3 con cl\u00e9rigos cristianos de la di\u00f3cesis de Hama para los griegos ortodoxos y llam\u00f3 a la importancia de promover el discurso religioso pidiendo a todas las escuelas, universidades, mezquitas e iglesias difundir la cultura del perd\u00f3n, el amor y hermandad.<\/p>\n<p>&nbsp;<\/p>\n<p>Fady M\/ M Miri<\/p>\n","protected":false},"excerpt":{"rendered":"<p>Hama, SANA- El Gran Muft\u00ed de la Rep\u00fablica, Ahmad Badr Eddin Hassoun, reafirm\u00f3 la necesidad de desarrollar el discurso religioso para que abarque no s\u00f3lo cuestiones de la religi\u00f3n sino tambi\u00e9n los problemas sociales y econ\u00f3micos, y la situaci\u00f3n de los j\u00f3venes y sus aspiraciones. Durante su reuni\u00f3n en la provincia de Hama con estudiosos &hellip;<\/p>\n","protected":false},"author":1,"featured_media":67285,"comment_status":"closed","ping_status":"closed","sticky":false,"template":"","format":"standard","meta":{"footnotes":""},"categories":[477,597,476,7541],"tags":[10555],"class_list":["post-67284","post","type-post","status-publish","format-standard","has-post-thumbnail","","category-noticias-edulcorantes","category-cinta-de-noticias","category-locales","category-ultimas-noticias","tag-ahmad-badr-eddin-hassoun"],"_links":{"self":[{"href":"https:\/\/archive.sana.sy\/es\/index.php?rest_route=\/wp\/v2\/posts\/67284"}],"collection":[{"href":"https:\/\/archive.sana.sy\/es\/index.php?rest_route=\/wp\/v2\/posts"}],"about":[{"href":"https:\/\/archive.sana.sy\/es\/index.php?rest_route=\/wp\/v2\/types\/post"}],"author":[{"embeddable":true,"href":"https:\/\/archive.sana.sy\/es\/index.php?rest_route=\/wp\/v2\/users\/1"}],"replies":[{"embeddable":true,"href":"https:\/\/archive.sana.sy\/es\/index.php?rest_route=%2Fwp%2Fv2%2Fcomments&post=67284"}],"version-history":[{"count":0,"href":"https:\/\/archive.sana.sy\/es\/index.php?rest_route=\/wp\/v2\/posts\/67284\/revisions"}],"wp:featuredmedia":[{"embeddable":true,"href":"https:\/\/archive.sana.sy\/es\/index.php?rest_route=\/wp\/v2\/media\/67285"}],"wp:attachment":[{"href":"https:\/\/archive.sana.sy\/es\/index.php?rest_route=%2Fwp%2Fv2%2Fmedia&parent=67284"}],"wp:term":[{"taxonomy":"category","embeddable":true,"href":"https:\/\/archive.sana.sy\/es\/index.php?rest_route=%2Fwp%2Fv2%2Fcategories&post=67284"},{"taxonomy":"post_tag","embeddable":true,"href":"https:\/\/archive.sana.sy\/es\/index.php?rest_route=%2Fwp%2Fv2%2Ftags&post=67284"}],"curies":[{"name":"wp","href":"https:\/\/api.w.org\/{rel}","templated":true}]}}