{"id":67327,"date":"2017-07-12T15:32:13","date_gmt":"2017-07-12T12:32:13","guid":{"rendered":"http:\/\/www.sana.sy\/es\/?p=67327"},"modified":"2023-01-10T15:16:50","modified_gmt":"2023-01-10T13:16:50","slug":"inicia-la-feria-syriatec-con-la-participacion-de-30-empresas-nacionales-y-mas-de-100-marcas","status":"publish","type":"post","link":"https:\/\/archive.sana.sy\/es\/?p=67327","title":{"rendered":"Inicia la Feria SyriaTec con la participaci\u00f3n de 30 empresas nacionales y m\u00e1s de 100 marcas"},"content":{"rendered":"<p><span style=\"color: #800000\">Damasco, SANA<\/span>&#8211; La Compa\u00f1\u00eda Syriatel de Telefon\u00eda M\u00f3vil y la Empresa &#8220;Mobdeoun&#8221; de Ferias y Conferencias organizaron en el hotel Dama Rose en la capital Damasco, una feria especializada en la tecnolog\u00eda de la informaci\u00f3n y las telecomunicaciones &#8220;SyriaTec 2017&#8221;.<\/p>\n<p>Participan en el evento 30 compa\u00f1\u00edas locales fabricantes e importadoras especializadas en la tecnolog\u00eda de la informaci\u00f3n y las telecomunicaciones, y m\u00e1s de 100 marcas.<\/p>\n<p>El objetivo de la exposici\u00f3n, que dura tres d\u00edas, es desarrollar el sector de la tecnolog\u00eda de la informaci\u00f3n en Siria, teniendo en cuenta que esa feria es una ventana para que el visitante se informe sobre las \u00faltimas innovaciones y productos en el campo de la tecnolog\u00eda, adem\u00e1s de ser una plataforma para la convergencia entre los interesados \u200b\u200ben el intercambio de ideas y experiencias a fin de contribuir al desarrollo del sector de la Tecnolog\u00eda de la Informaci\u00f3n.<\/p>\n<p>El Ministro de Telecomunicaciones y Tecnolog\u00eda, Ali Zufeir, dijo a periodistas que las empresas ofrecen a trav\u00e9s de su participaci\u00f3n en la exposici\u00f3n soluciones, tanto para centro de datos o de pago electr\u00f3nico.<\/p>\n<p>Revel\u00f3 que muy pronto se lanzar\u00e1n los servicios de Internet de cuarta generaci\u00f3n con velocidades de entre 100 a 300 MB.<\/p>\n<p>A su vez, el ministro de Informaci\u00f3n, Mohamed Ramiz Turgeman, hizo hincapi\u00e9 en que la organizaci\u00f3n de la exposici\u00f3n y la participaci\u00f3n de un gran n\u00famero de empresas constituyen un mensaje de desaf\u00edo a las sanciones econ\u00f3micas coercitivas impuestas sobre el pueblo sirio.<\/p>\n<p>&nbsp;<\/p>\n<p>Fady M\/ M Miri<\/p>\n","protected":false},"excerpt":{"rendered":"<p>Damasco, SANA&#8211; La Compa\u00f1\u00eda Syriatel de Telefon\u00eda M\u00f3vil y la Empresa &#8220;Mobdeoun&#8221; de Ferias y Conferencias organizaron en el hotel Dama Rose en la capital Damasco, una feria especializada en la tecnolog\u00eda de la informaci\u00f3n y las telecomunicaciones &#8220;SyriaTec 2017&#8221;. Participan en el evento 30 compa\u00f1\u00edas locales fabricantes e importadoras especializadas en la tecnolog\u00eda de &hellip;<\/p>\n","protected":false},"author":1,"featured_media":67328,"comment_status":"closed","ping_status":"closed","sticky":false,"template":"","format":"standard","meta":{"footnotes":""},"categories":[477,485,476,7541],"tags":[10564],"class_list":["post-67327","post","type-post","status-publish","format-standard","has-post-thumbnail","","category-noticias-edulcorantes","category-informes-negocios-y-finanzas","category-locales","category-ultimas-noticias","tag-syriatec-2017"],"_links":{"self":[{"href":"https:\/\/archive.sana.sy\/es\/index.php?rest_route=\/wp\/v2\/posts\/67327"}],"collection":[{"href":"https:\/\/archive.sana.sy\/es\/index.php?rest_route=\/wp\/v2\/posts"}],"about":[{"href":"https:\/\/archive.sana.sy\/es\/index.php?rest_route=\/wp\/v2\/types\/post"}],"author":[{"embeddable":true,"href":"https:\/\/archive.sana.sy\/es\/index.php?rest_route=\/wp\/v2\/users\/1"}],"replies":[{"embeddable":true,"href":"https:\/\/archive.sana.sy\/es\/index.php?rest_route=%2Fwp%2Fv2%2Fcomments&post=67327"}],"version-history":[{"count":0,"href":"https:\/\/archive.sana.sy\/es\/index.php?rest_route=\/wp\/v2\/posts\/67327\/revisions"}],"wp:featuredmedia":[{"embeddable":true,"href":"https:\/\/archive.sana.sy\/es\/index.php?rest_route=\/wp\/v2\/media\/67328"}],"wp:attachment":[{"href":"https:\/\/archive.sana.sy\/es\/index.php?rest_route=%2Fwp%2Fv2%2Fmedia&parent=67327"}],"wp:term":[{"taxonomy":"category","embeddable":true,"href":"https:\/\/archive.sana.sy\/es\/index.php?rest_route=%2Fwp%2Fv2%2Fcategories&post=67327"},{"taxonomy":"post_tag","embeddable":true,"href":"https:\/\/archive.sana.sy\/es\/index.php?rest_route=%2Fwp%2Fv2%2Ftags&post=67327"}],"curies":[{"name":"wp","href":"https:\/\/api.w.org\/{rel}","templated":true}]}}