{"id":67340,"date":"2017-07-12T16:09:24","date_gmt":"2017-07-12T13:09:24","guid":{"rendered":"http:\/\/www.sana.sy\/es\/?p=67340"},"modified":"2017-07-12T16:16:26","modified_gmt":"2017-07-12T13:16:26","slug":"lavrov-evalua-positivamente-los-resultados-de-la-quinta-reunion-de-astana-sobre-siria","status":"publish","type":"post","link":"https:\/\/archive.sana.sy\/es\/?p=67340","title":{"rendered":"Lavrov eval\u00faa positivamente los resultados de la quinta reuni\u00f3n de Astan\u00e1 sobre Siria"},"content":{"rendered":"<p><span style=\"color: #800000\">Bruselas, SANA<\/span>&#8211; El canciller ruso, Sergei Lavrov, dijo que los resultados logrados por las reuniones de Astan\u00e1 sobre la crisis en Siria ha dado un nuevo impulso adicional y din\u00e1mico a la actual ronda de di\u00e1logo intersirio en Ginebra.<\/p>\n<p>El di\u00e1logo intersirio contin\u00faa su curso en la Sede de las Naciones Unidas en Ginebra con la participaci\u00f3n de la delegaci\u00f3n de la Rep\u00fablica \u00c1rabe Siria, encabezada por el Dr. Bashar al-Jafari y otras delegaciones.<\/p>\n<p>&#8220;contando con el progreso en esta ronda&#8230; Es importante que la &#8221; oposici\u00f3n &#8221; deje las advertencias y las condiciones previas y comprometerse incondicionalmente con las resoluciones de las Naciones Unidas, &#8221; dijo Lavrov en una conferencia de prensa con su hom\u00f3logo belga, Didier Reynders, en Bruselas,<\/p>\n<p>Lavrov se\u00f1al\u00f3 que la situaci\u00f3n en Siria se est\u00e1 cambiando de manera positiva despu\u00e9s del acuerdo sobre el establecimiento de cuatro zonas de distensi\u00f3n en el pa\u00eds.<\/p>\n<p>&#8220;El documento firmado por los representantes de la Federaci\u00f3n de Rusia, los Estados Unidos y Jordania en Amman se\u00f1ala llegar a un acuerdo sobre la creaci\u00f3n de un Centro de Control en Jordania para vigilar la aplicaci\u00f3n del acuerdo relativo a las zonas de distensi\u00f3n en el sur de Siria,\u201d dijo Lavrov en respuesta a una pregunta.<\/p>\n<p>Por su parte, el ministro de Asuntos Exteriores belga expres\u00f3 que su pa\u00eds da la bienvenida al acuerdo sobre el establecimiento de \u00e1reas de distensi\u00f3n en Siria.<\/p>\n<p>Seg\u00fan medios de comunicaci\u00f3n rusos, se espera que el canciller ruso, despu\u00e9s de su visita a B\u00e9lgica viajar\u00e1 a Berl\u00edn, donde sostendr\u00e1 conversaciones con su hom\u00f3logo alem\u00e1n, Sigmar Gabriel.<\/p>\n<p>&nbsp;<\/p>\n<p>M\/Miri<\/p>\n","protected":false},"excerpt":{"rendered":"<p>Bruselas, SANA&#8211; El canciller ruso, Sergei Lavrov, dijo que los resultados logrados por las reuniones de Astan\u00e1 sobre la crisis en Siria ha dado un nuevo impulso adicional y din\u00e1mico a la actual ronda de di\u00e1logo intersirio en Ginebra. El di\u00e1logo intersirio contin\u00faa su curso en la Sede de las Naciones Unidas en Ginebra con &hellip;<\/p>\n","protected":false},"author":1,"featured_media":67346,"comment_status":"closed","ping_status":"closed","sticky":false,"template":"","format":"standard","meta":{"footnotes":""},"categories":[597,467,7541],"tags":[10491],"class_list":["post-67340","post","type-post","status-publish","format-standard","has-post-thumbnail","","category-cinta-de-noticias","category-siria-y-el-mundo","category-ultimas-noticias","tag-sergei-lavrov"],"_links":{"self":[{"href":"https:\/\/archive.sana.sy\/es\/index.php?rest_route=\/wp\/v2\/posts\/67340"}],"collection":[{"href":"https:\/\/archive.sana.sy\/es\/index.php?rest_route=\/wp\/v2\/posts"}],"about":[{"href":"https:\/\/archive.sana.sy\/es\/index.php?rest_route=\/wp\/v2\/types\/post"}],"author":[{"embeddable":true,"href":"https:\/\/archive.sana.sy\/es\/index.php?rest_route=\/wp\/v2\/users\/1"}],"replies":[{"embeddable":true,"href":"https:\/\/archive.sana.sy\/es\/index.php?rest_route=%2Fwp%2Fv2%2Fcomments&post=67340"}],"version-history":[{"count":0,"href":"https:\/\/archive.sana.sy\/es\/index.php?rest_route=\/wp\/v2\/posts\/67340\/revisions"}],"wp:featuredmedia":[{"embeddable":true,"href":"https:\/\/archive.sana.sy\/es\/index.php?rest_route=\/wp\/v2\/media\/67346"}],"wp:attachment":[{"href":"https:\/\/archive.sana.sy\/es\/index.php?rest_route=%2Fwp%2Fv2%2Fmedia&parent=67340"}],"wp:term":[{"taxonomy":"category","embeddable":true,"href":"https:\/\/archive.sana.sy\/es\/index.php?rest_route=%2Fwp%2Fv2%2Fcategories&post=67340"},{"taxonomy":"post_tag","embeddable":true,"href":"https:\/\/archive.sana.sy\/es\/index.php?rest_route=%2Fwp%2Fv2%2Ftags&post=67340"}],"curies":[{"name":"wp","href":"https:\/\/api.w.org\/{rel}","templated":true}]}}