{"id":67640,"date":"2017-07-20T19:29:10","date_gmt":"2017-07-20T16:29:10","guid":{"rendered":"http:\/\/www.sana.sy\/es\/?p=67640"},"modified":"2017-07-20T19:28:15","modified_gmt":"2017-07-20T16:28:15","slug":"presidente-al-assad-se-reune-con-asesor-del-canciller-irani-2","status":"publish","type":"post","link":"https:\/\/archive.sana.sy\/es\/?p=67640","title":{"rendered":"Presidente al-Assad se re\u00fane con asesor del Canciller iran\u00ed"},"content":{"rendered":"<p>Damasco, SANA<\/p>\n<p>El presidente, Bashar al-Assad ha recibido este jueves a Hossein Yaberi Ansari, asesor del Canciller iran\u00ed para Asuntos \u00c1rabes y Africanos.<\/p>\n<p>Ambas partes abordaron los \u00faltimos acontecimientos a nivel regional e internacional, donde Yaberi Ansari plante\u00f3 la postura de Ir\u00e1n ante las evoluciones agilizadas que ha presenciado la regi\u00f3n recientemente, y expres\u00f3 su fe en que las mismas conducir\u00e1n a consolidar la estabilidad en la regi\u00f3n y poner coto a la guerra en Siria.<\/p>\n<p>A su vez, el presidente, Bashar al Assad, puntualiz\u00f3 que uno de los m\u00e1s importantes factores que han contribuido en estas evoluciones es las continuas y agilizadas victorias que se han logrado \u00faltimamente en la guerra contra el terrorismo en Siria, agregando que cada hito llevado a cabo por el Ej\u00e9rcito sirio y sus aliados en esta guerra tendr\u00e1 m\u00e1s repercusiones positivas, pese a los intentos de algunos pa\u00edses de seguir empleando el terrorismo para alcanzar metas pol\u00edticas estrechas que han causado s\u00f3lo la desestabilidad de la regi\u00f3n y la falta de seguridad a sus pueblos.<\/p>\n<p>El presidente Al Assad resalt\u00f3 las relaciones estrat\u00e9gicas que unen Damasco y Teher\u00e1n, y la constante cooperaci\u00f3n y coordinaci\u00f3n binacionales en todos los \u00e1mbitos, haciendo hincapi\u00e9 en que el continuo apoyo iran\u00ed al pueblo sirio ha sido una de las razones principales detr\u00e1s la resistencia de Siria al terrorismo. En este contexto, Yaberi Ansari reiter\u00f3 la firme y principista postura de su pa\u00eds a Siria, enfatizando que Ir\u00e1n seguir\u00e1 ayudando al pueblo sirio hasta que logre la victoria definitiva contra el terrorismo y recupere la paz y seguridad de su territorio.<\/p>\n<p>L.A.<\/p>\n","protected":false},"excerpt":{"rendered":"<p>Damasco, SANA El presidente, Bashar al-Assad ha recibido este jueves a Hossein Yaberi Ansari, asesor del Canciller iran\u00ed para Asuntos \u00c1rabes y Africanos. Ambas partes abordaron los \u00faltimos acontecimientos a nivel regional e internacional, donde Yaberi Ansari plante\u00f3 la postura de Ir\u00e1n ante las evoluciones agilizadas que ha presenciado la regi\u00f3n recientemente, y expres\u00f3 su &hellip;<\/p>\n","protected":false},"author":1,"featured_media":67641,"comment_status":"closed","ping_status":"closed","sticky":false,"template":"","format":"standard","meta":{"footnotes":""},"categories":[583,626],"tags":[],"class_list":["post-67640","post","type-post","status-publish","format-standard","has-post-thumbnail","","category-slide","category-sr-presidente"],"_links":{"self":[{"href":"https:\/\/archive.sana.sy\/es\/index.php?rest_route=\/wp\/v2\/posts\/67640"}],"collection":[{"href":"https:\/\/archive.sana.sy\/es\/index.php?rest_route=\/wp\/v2\/posts"}],"about":[{"href":"https:\/\/archive.sana.sy\/es\/index.php?rest_route=\/wp\/v2\/types\/post"}],"author":[{"embeddable":true,"href":"https:\/\/archive.sana.sy\/es\/index.php?rest_route=\/wp\/v2\/users\/1"}],"replies":[{"embeddable":true,"href":"https:\/\/archive.sana.sy\/es\/index.php?rest_route=%2Fwp%2Fv2%2Fcomments&post=67640"}],"version-history":[{"count":0,"href":"https:\/\/archive.sana.sy\/es\/index.php?rest_route=\/wp\/v2\/posts\/67640\/revisions"}],"wp:featuredmedia":[{"embeddable":true,"href":"https:\/\/archive.sana.sy\/es\/index.php?rest_route=\/wp\/v2\/media\/67641"}],"wp:attachment":[{"href":"https:\/\/archive.sana.sy\/es\/index.php?rest_route=%2Fwp%2Fv2%2Fmedia&parent=67640"}],"wp:term":[{"taxonomy":"category","embeddable":true,"href":"https:\/\/archive.sana.sy\/es\/index.php?rest_route=%2Fwp%2Fv2%2Fcategories&post=67640"},{"taxonomy":"post_tag","embeddable":true,"href":"https:\/\/archive.sana.sy\/es\/index.php?rest_route=%2Fwp%2Fv2%2Ftags&post=67640"}],"curies":[{"name":"wp","href":"https:\/\/api.w.org\/{rel}","templated":true}]}}