{"id":67657,"date":"2017-07-20T19:24:12","date_gmt":"2017-07-20T16:24:12","guid":{"rendered":"http:\/\/www.sana.sy\/es\/?p=67657"},"modified":"2017-07-20T19:24:12","modified_gmt":"2017-07-20T16:24:12","slug":"primer-ministro-realiza-una-gira-por-la-provincia-de-homs","status":"publish","type":"post","link":"https:\/\/archive.sana.sy\/es\/?p=67657","title":{"rendered":"Primer ministro realiza una gira por la provincia de Homs"},"content":{"rendered":"<p>Homs-SANA<\/p>\n<p>El Presidente del Consejo de Ministros, Imad Khamis, subray\u00f3 la importancia de desarrollar el mecanismo ejecutivo de los sectores econ\u00f3mico, social y de desarrollo en la provincia de Homs mediante la implementaci\u00f3n de un plan estrat\u00e9gico entre la posibilidad disponible.<\/p>\n<p>Durante una reuni\u00f3n con figuras econ\u00f3micas, religiosas, y populares, Khamis hizo hincapi\u00e9 en la importancia de la reuni\u00f3n, \u00a8ya que es una oportunidad para escuchar las visiones y propuestas planteadas sobre c\u00f3mo desarrollar el mecanismo de acci\u00f3n del gobierno\u00a8, a fin de satisfacer las necesidades de la gobernaci\u00f3n, en los \u00e1mbitos econ\u00f3mico, social, salud y de desarrollo\u00a8.<\/p>\n<p>El primer ministro llam\u00f3 a impulsar la producci\u00f3n, alentar el sector privado y aprovechar de forma \u00f3ptima los establecimientos p\u00fablicos.<\/p>\n<p>Asimismo hizo un llamamiento para prestar especial atenci\u00f3n a los familiares de los m\u00e1rtires y heridos, elogiando los sacrificios del ej\u00e9rcito \u00e1rabe sirio ofrecidos para frustrar la conspiraci\u00f3n que apunta a destruir el Estado sirio.<\/p>\n<p>De igual modo, el jefe del gabinete coloc\u00f3 la piedra angular del proyecto de ampliaci\u00f3n del establecimiento de ganados.<\/p>\n<p>Y.K.<\/p>\n","protected":false},"excerpt":{"rendered":"<p>Homs-SANA El Presidente del Consejo de Ministros, Imad Khamis, subray\u00f3 la importancia de desarrollar el mecanismo ejecutivo de los sectores econ\u00f3mico, social y de desarrollo en la provincia de Homs mediante la implementaci\u00f3n de un plan estrat\u00e9gico entre la posibilidad disponible. Durante una reuni\u00f3n con figuras econ\u00f3micas, religiosas, y populares, Khamis hizo hincapi\u00e9 en la &hellip;<\/p>\n","protected":false},"author":1,"featured_media":67658,"comment_status":"closed","ping_status":"closed","sticky":false,"template":"","format":"standard","meta":{"footnotes":""},"categories":[477,476,7541],"tags":[],"class_list":["post-67657","post","type-post","status-publish","format-standard","has-post-thumbnail","","category-noticias-edulcorantes","category-locales","category-ultimas-noticias"],"_links":{"self":[{"href":"https:\/\/archive.sana.sy\/es\/index.php?rest_route=\/wp\/v2\/posts\/67657"}],"collection":[{"href":"https:\/\/archive.sana.sy\/es\/index.php?rest_route=\/wp\/v2\/posts"}],"about":[{"href":"https:\/\/archive.sana.sy\/es\/index.php?rest_route=\/wp\/v2\/types\/post"}],"author":[{"embeddable":true,"href":"https:\/\/archive.sana.sy\/es\/index.php?rest_route=\/wp\/v2\/users\/1"}],"replies":[{"embeddable":true,"href":"https:\/\/archive.sana.sy\/es\/index.php?rest_route=%2Fwp%2Fv2%2Fcomments&post=67657"}],"version-history":[{"count":0,"href":"https:\/\/archive.sana.sy\/es\/index.php?rest_route=\/wp\/v2\/posts\/67657\/revisions"}],"wp:featuredmedia":[{"embeddable":true,"href":"https:\/\/archive.sana.sy\/es\/index.php?rest_route=\/wp\/v2\/media\/67658"}],"wp:attachment":[{"href":"https:\/\/archive.sana.sy\/es\/index.php?rest_route=%2Fwp%2Fv2%2Fmedia&parent=67657"}],"wp:term":[{"taxonomy":"category","embeddable":true,"href":"https:\/\/archive.sana.sy\/es\/index.php?rest_route=%2Fwp%2Fv2%2Fcategories&post=67657"},{"taxonomy":"post_tag","embeddable":true,"href":"https:\/\/archive.sana.sy\/es\/index.php?rest_route=%2Fwp%2Fv2%2Ftags&post=67657"}],"curies":[{"name":"wp","href":"https:\/\/api.w.org\/{rel}","templated":true}]}}