{"id":67661,"date":"2017-07-20T20:43:52","date_gmt":"2017-07-20T17:43:52","guid":{"rendered":"http:\/\/www.sana.sy\/es\/?p=67661"},"modified":"2017-07-20T20:43:52","modified_gmt":"2017-07-20T17:43:52","slug":"centenares-de-personas-retornan-a-sus-hogares-en-la-zona-de-dier-hafer","status":"publish","type":"post","link":"https:\/\/archive.sana.sy\/es\/?p=67661","title":{"rendered":"Centenares de personas retornan a sus hogares en la zona de Dier Hafer"},"content":{"rendered":"<p>Alepo-SANA<\/p>\n<p>Han vuelto a sus hogares hoy centenares de residentes de los poblados y aldeas de la regi\u00f3n de Dier Haffer, provincia de Alepo, que hab\u00edan sido despojados por la organizaci\u00f3n terrorista del EIIL.<\/p>\n<p>Cabe se\u00f1alar que el ej\u00e9rcito sirio arrebat\u00f3 a DAESH la antemencionada regi\u00f3n tras duros enfrentamientos con terroristas de esta organizaci\u00f3n terrorista as\u00ed como realiz\u00f3 operaciones de desminado en los poblados y aldeas para garantizar el retorno seguro de los habitantes.<\/p>\n<p>Y.K.<\/p>\n","protected":false},"excerpt":{"rendered":"<p>Alepo-SANA Han vuelto a sus hogares hoy centenares de residentes de los poblados y aldeas de la regi\u00f3n de Dier Haffer, provincia de Alepo, que hab\u00edan sido despojados por la organizaci\u00f3n terrorista del EIIL. Cabe se\u00f1alar que el ej\u00e9rcito sirio arrebat\u00f3 a DAESH la antemencionada regi\u00f3n tras duros enfrentamientos con terroristas de esta organizaci\u00f3n terrorista &hellip;<\/p>\n","protected":false},"author":1,"featured_media":67662,"comment_status":"closed","ping_status":"closed","sticky":false,"template":"","format":"standard","meta":{"footnotes":""},"categories":[477,476,7541],"tags":[],"class_list":["post-67661","post","type-post","status-publish","format-standard","has-post-thumbnail","","category-noticias-edulcorantes","category-locales","category-ultimas-noticias"],"_links":{"self":[{"href":"https:\/\/archive.sana.sy\/es\/index.php?rest_route=\/wp\/v2\/posts\/67661"}],"collection":[{"href":"https:\/\/archive.sana.sy\/es\/index.php?rest_route=\/wp\/v2\/posts"}],"about":[{"href":"https:\/\/archive.sana.sy\/es\/index.php?rest_route=\/wp\/v2\/types\/post"}],"author":[{"embeddable":true,"href":"https:\/\/archive.sana.sy\/es\/index.php?rest_route=\/wp\/v2\/users\/1"}],"replies":[{"embeddable":true,"href":"https:\/\/archive.sana.sy\/es\/index.php?rest_route=%2Fwp%2Fv2%2Fcomments&post=67661"}],"version-history":[{"count":0,"href":"https:\/\/archive.sana.sy\/es\/index.php?rest_route=\/wp\/v2\/posts\/67661\/revisions"}],"wp:featuredmedia":[{"embeddable":true,"href":"https:\/\/archive.sana.sy\/es\/index.php?rest_route=\/wp\/v2\/media\/67662"}],"wp:attachment":[{"href":"https:\/\/archive.sana.sy\/es\/index.php?rest_route=%2Fwp%2Fv2%2Fmedia&parent=67661"}],"wp:term":[{"taxonomy":"category","embeddable":true,"href":"https:\/\/archive.sana.sy\/es\/index.php?rest_route=%2Fwp%2Fv2%2Fcategories&post=67661"},{"taxonomy":"post_tag","embeddable":true,"href":"https:\/\/archive.sana.sy\/es\/index.php?rest_route=%2Fwp%2Fv2%2Ftags&post=67661"}],"curies":[{"name":"wp","href":"https:\/\/api.w.org\/{rel}","templated":true}]}}