{"id":68420,"date":"2017-08-11T16:46:57","date_gmt":"2017-08-11T13:46:57","guid":{"rendered":"http:\/\/www.sana.sy\/es\/?p=68420"},"modified":"2017-08-11T16:46:54","modified_gmt":"2017-08-11T13:46:54","slug":"una-victima-mortal-y-2-heridos-en-ataques-contra-la-zona-de-distension-en-el-norte-de-homs","status":"publish","type":"post","link":"https:\/\/archive.sana.sy\/es\/?p=68420","title":{"rendered":"Una v\u00edctima mortal y 2 heridos en ataques contra la zona de distensi\u00f3n en el norte de Homs"},"content":{"rendered":"<p><span style=\"color: #800000\">Homs, SANA<\/span>&#8211; Al menos un civil perdi\u00f3 la vida y otros dos heridas como consecuencia de una violaci\u00f3n perpetrada por los grupos armados contra la zona de distensi\u00f3n en la zona, establecida en el \u00e1rea de Al Rastan, al norte de la ciudad de Homs.<\/p>\n<p>De acuerdo con el reportero de SANA, efectivos armados afincados en la aldea de Eyn Houssein al Yanoubi, cerca de Al Rastan, atacaron con fuego de proyectiles y ametralladoras la aldea de Eyn al Dananir, donde una persona cay\u00f3 m\u00e1rtir y otras dos resultaron afectadas.<\/p>\n<p>A principios del presente mes ser lleg\u00f3 a un acuerdo para incluir el norte de la ciudad de Homs a las zonas de distensi\u00f3n en Siria.<\/p>\n<p>&nbsp;<\/p>\n<p>&nbsp;<\/p>\n<p>M\/Miri<\/p>\n<p>&nbsp;<\/p>\n","protected":false},"excerpt":{"rendered":"<p>Homs, SANA&#8211; Al menos un civil perdi\u00f3 la vida y otros dos heridas como consecuencia de una violaci\u00f3n perpetrada por los grupos armados contra la zona de distensi\u00f3n en la zona, establecida en el \u00e1rea de Al Rastan, al norte de la ciudad de Homs. De acuerdo con el reportero de SANA, efectivos armados afincados &hellip;<\/p>\n","protected":false},"author":1,"featured_media":68421,"comment_status":"closed","ping_status":"closed","sticky":false,"template":"","format":"standard","meta":{"footnotes":""},"categories":[597,573,583,7541],"tags":[10630],"class_list":["post-68420","post","type-post","status-publish","format-standard","has-post-thumbnail","","category-cinta-de-noticias","category-la-realidad-de-los-acontecimientos-en-siria","category-slide","category-ultimas-noticias","tag-al-rastan"],"_links":{"self":[{"href":"https:\/\/archive.sana.sy\/es\/index.php?rest_route=\/wp\/v2\/posts\/68420"}],"collection":[{"href":"https:\/\/archive.sana.sy\/es\/index.php?rest_route=\/wp\/v2\/posts"}],"about":[{"href":"https:\/\/archive.sana.sy\/es\/index.php?rest_route=\/wp\/v2\/types\/post"}],"author":[{"embeddable":true,"href":"https:\/\/archive.sana.sy\/es\/index.php?rest_route=\/wp\/v2\/users\/1"}],"replies":[{"embeddable":true,"href":"https:\/\/archive.sana.sy\/es\/index.php?rest_route=%2Fwp%2Fv2%2Fcomments&post=68420"}],"version-history":[{"count":0,"href":"https:\/\/archive.sana.sy\/es\/index.php?rest_route=\/wp\/v2\/posts\/68420\/revisions"}],"wp:featuredmedia":[{"embeddable":true,"href":"https:\/\/archive.sana.sy\/es\/index.php?rest_route=\/wp\/v2\/media\/68421"}],"wp:attachment":[{"href":"https:\/\/archive.sana.sy\/es\/index.php?rest_route=%2Fwp%2Fv2%2Fmedia&parent=68420"}],"wp:term":[{"taxonomy":"category","embeddable":true,"href":"https:\/\/archive.sana.sy\/es\/index.php?rest_route=%2Fwp%2Fv2%2Fcategories&post=68420"},{"taxonomy":"post_tag","embeddable":true,"href":"https:\/\/archive.sana.sy\/es\/index.php?rest_route=%2Fwp%2Fv2%2Ftags&post=68420"}],"curies":[{"name":"wp","href":"https:\/\/api.w.org\/{rel}","templated":true}]}}