{"id":68427,"date":"2017-08-11T17:11:14","date_gmt":"2017-08-11T14:11:14","guid":{"rendered":"http:\/\/www.sana.sy\/es\/?p=68427"},"modified":"2017-08-11T17:12:22","modified_gmt":"2017-08-11T14:12:22","slug":"turgeman-y-karimian-visitan-la-ciudad-de-explosiones-de-damasco","status":"publish","type":"post","link":"https:\/\/archive.sana.sy\/es\/?p=68427","title":{"rendered":"Turgeman y Karimian visitan la Ciudad de Exposiciones de Damasco"},"content":{"rendered":"<p><span style=\"color: #800000\">Damasco, SANA<\/span>&#8211; El ministro de informaci\u00f3n junto con el Secretario General de la Uni\u00f3n de la Radio y Televisi\u00f3n Isl\u00e1mica, Sheikh Ali Karimian, han realizado una visita a la ciudad de exposiciones, donde se celebrar\u00e1 muy pronto la Feria Internacional de Damasco.<\/p>\n<p>El ministro Turgeman dijo en un comunicado que el ministerio desde el primer d\u00eda de anunciar el lanzamiento de la Feria se desarroll\u00f3 un plan medi\u00e1tico para cubrir la inauguraci\u00f3n de la Feria y sus actividades.<\/p>\n<p>Turgeman inspeccion\u00f3 el pabell\u00f3n del Centro Medi\u00e1tico y los trabajos cumplidos, indicando que el centro ofrecer\u00e1 servicios multimedia a trav\u00e9s de Internet, la transmisi\u00f3n v\u00eda sat\u00e9lite y radio, as\u00ed como estudios de entrevistas y reuniones, que recibir\u00e1n todo tipo de apoyo t\u00e9cnico para cubrir este evento importante y extraordinario.<\/p>\n<p><a href=\"http:\/\/www.sana.sy\/es\/?attachment_id=68428\" rel=\"attachment wp-att-68428\"><img loading=\"lazy\" decoding=\"async\" class=\"alignnone size-medium wp-image-68428\" src=\"http:\/\/www.sana.sy\/es\/wp-content\/uploads\/2017\/08\/8-3-300x199.jpg\" alt=\"\" width=\"300\" height=\"199\" srcset=\"https:\/\/archive.sana.sy\/es\/wp-content\/uploads\/2017\/08\/8-3.jpg 300w, https:\/\/archive.sana.sy\/es\/wp-content\/uploads\/2017\/08\/8-3-150x100.jpg 150w\" sizes=\"(max-width: 300px) 100vw, 300px\" \/><\/a><\/p>\n<p>Asimismo, destac\u00f3 la importancia del papel de la Uni\u00f3n de la Radio y Televisi\u00f3n Isl\u00e1mica, incluye a m\u00e1s de 200 medios de comunicaci\u00f3n, dicho papel que estaba est\u00e1 a favor de Siria y sus medios de comunicaci\u00f3n desde el primer d\u00eda de la guerra terrorista liberad contra el pa\u00eds.<\/p>\n<p>Por su parte, Karimian subray\u00f3 que la celebraci\u00f3n de la Feria Internacional de Damasco, es un indicador de la victoria del pueblo sirio, su estado, su ej\u00e9rcito y sus aliados contra el terrorismo, y tambi\u00e9n es un mensaje de la resistencia de las infraestructuras sirias y el inicio de la reconstrucci\u00f3n pesar del apoyo de los Estados a las organizaciones terroristas en Siria y sus intentos de destruirla.<\/p>\n<p>Karimian Expres\u00f3 la felicidad por este gran logro que veo en la exposici\u00f3n y por el n\u00famero de empresas e instituciones participantes de diferentes pa\u00edses.<\/p>\n<p>&nbsp;<\/p>\n<p>&nbsp;<\/p>\n<p>M\/Miri<\/p>\n","protected":false},"excerpt":{"rendered":"<p>Damasco, SANA&#8211; El ministro de informaci\u00f3n junto con el Secretario General de la Uni\u00f3n de la Radio y Televisi\u00f3n Isl\u00e1mica, Sheikh Ali Karimian, han realizado una visita a la ciudad de exposiciones, donde se celebrar\u00e1 muy pronto la Feria Internacional de Damasco. El ministro Turgeman dijo en un comunicado que el ministerio desde el primer &hellip;<\/p>\n","protected":false},"author":1,"featured_media":68429,"comment_status":"closed","ping_status":"closed","sticky":false,"template":"","format":"standard","meta":{"footnotes":""},"categories":[477,597,476,7541],"tags":[],"class_list":["post-68427","post","type-post","status-publish","format-standard","has-post-thumbnail","","category-noticias-edulcorantes","category-cinta-de-noticias","category-locales","category-ultimas-noticias"],"_links":{"self":[{"href":"https:\/\/archive.sana.sy\/es\/index.php?rest_route=\/wp\/v2\/posts\/68427"}],"collection":[{"href":"https:\/\/archive.sana.sy\/es\/index.php?rest_route=\/wp\/v2\/posts"}],"about":[{"href":"https:\/\/archive.sana.sy\/es\/index.php?rest_route=\/wp\/v2\/types\/post"}],"author":[{"embeddable":true,"href":"https:\/\/archive.sana.sy\/es\/index.php?rest_route=\/wp\/v2\/users\/1"}],"replies":[{"embeddable":true,"href":"https:\/\/archive.sana.sy\/es\/index.php?rest_route=%2Fwp%2Fv2%2Fcomments&post=68427"}],"version-history":[{"count":0,"href":"https:\/\/archive.sana.sy\/es\/index.php?rest_route=\/wp\/v2\/posts\/68427\/revisions"}],"wp:featuredmedia":[{"embeddable":true,"href":"https:\/\/archive.sana.sy\/es\/index.php?rest_route=\/wp\/v2\/media\/68429"}],"wp:attachment":[{"href":"https:\/\/archive.sana.sy\/es\/index.php?rest_route=%2Fwp%2Fv2%2Fmedia&parent=68427"}],"wp:term":[{"taxonomy":"category","embeddable":true,"href":"https:\/\/archive.sana.sy\/es\/index.php?rest_route=%2Fwp%2Fv2%2Fcategories&post=68427"},{"taxonomy":"post_tag","embeddable":true,"href":"https:\/\/archive.sana.sy\/es\/index.php?rest_route=%2Fwp%2Fv2%2Ftags&post=68427"}],"curies":[{"name":"wp","href":"https:\/\/api.w.org\/{rel}","templated":true}]}}