{"id":68504,"date":"2017-08-14T19:43:37","date_gmt":"2017-08-14T16:43:37","guid":{"rendered":"http:\/\/www.sana.sy\/es\/?p=68504"},"modified":"2017-08-14T19:43:37","modified_gmt":"2017-08-14T16:43:37","slug":"defensa-de-rusia-alaba-operacion-aerotransportada-del-ejercito-sirio-detras-de-lineas-enemigas","status":"publish","type":"post","link":"https:\/\/archive.sana.sy\/es\/?p=68504","title":{"rendered":"Defensa de Rusia alaba operaci\u00f3n aerotransportada del Ej\u00e9rcito sirio detr\u00e1s de l\u00edneas enemigas"},"content":{"rendered":"<p>Mosc\u00fa-SANA<\/p>\n<p>El Ministerio de Defensa de Rusia ha elogiado la operaci\u00f3n aerotransportada que realizaron unidades del Ej\u00e9rcito sirio detr\u00e1s de las l\u00edneas de la organizaci\u00f3n terrorista de DAESH en el campo de Raqa y Homs, calific\u00e1ndola de \u00a8Extraordinaria\u00a8.<\/p>\n<p>&#8220;Durante la noche del 12 de agosto, las fuerzas del gobierno sirio llevaron a cabo una ejemplar operaci\u00f3n aerotransportada detr\u00e1s de las l\u00edneas de los terroristas del DAESH mediante la cual fue liberado de Al-Kadir (unos 120 kil\u00f3metros al oeste de Deir ez-Zor) &#8220;, dijo el ministerio en un comunicado.<\/p>\n<p>Seg\u00fan el ministerio, la operaci\u00f3n fue conducida por el General Suheil al-Hassan, y con la participaci\u00f3n de asesores militares rusos.<br \/>\n&#8220;Los asesores militares rusos tomaron parte directa en la preparaci\u00f3n y ejecuci\u00f3n de la operaci\u00f3n&#8221;, se\u00f1al\u00f3 el ministerio.<\/p>\n<p>Y.K.<\/p>\n","protected":false},"excerpt":{"rendered":"<p>Mosc\u00fa-SANA El Ministerio de Defensa de Rusia ha elogiado la operaci\u00f3n aerotransportada que realizaron unidades del Ej\u00e9rcito sirio detr\u00e1s de las l\u00edneas de la organizaci\u00f3n terrorista de DAESH en el campo de Raqa y Homs, calific\u00e1ndola de \u00a8Extraordinaria\u00a8. &#8220;Durante la noche del 12 de agosto, las fuerzas del gobierno sirio llevaron a cabo una ejemplar &hellip;<\/p>\n","protected":false},"author":1,"featured_media":68505,"comment_status":"closed","ping_status":"closed","sticky":false,"template":"","format":"standard","meta":{"footnotes":""},"categories":[467,583],"tags":[],"class_list":["post-68504","post","type-post","status-publish","format-standard","has-post-thumbnail","","category-siria-y-el-mundo","category-slide"],"_links":{"self":[{"href":"https:\/\/archive.sana.sy\/es\/index.php?rest_route=\/wp\/v2\/posts\/68504"}],"collection":[{"href":"https:\/\/archive.sana.sy\/es\/index.php?rest_route=\/wp\/v2\/posts"}],"about":[{"href":"https:\/\/archive.sana.sy\/es\/index.php?rest_route=\/wp\/v2\/types\/post"}],"author":[{"embeddable":true,"href":"https:\/\/archive.sana.sy\/es\/index.php?rest_route=\/wp\/v2\/users\/1"}],"replies":[{"embeddable":true,"href":"https:\/\/archive.sana.sy\/es\/index.php?rest_route=%2Fwp%2Fv2%2Fcomments&post=68504"}],"version-history":[{"count":0,"href":"https:\/\/archive.sana.sy\/es\/index.php?rest_route=\/wp\/v2\/posts\/68504\/revisions"}],"wp:featuredmedia":[{"embeddable":true,"href":"https:\/\/archive.sana.sy\/es\/index.php?rest_route=\/wp\/v2\/media\/68505"}],"wp:attachment":[{"href":"https:\/\/archive.sana.sy\/es\/index.php?rest_route=%2Fwp%2Fv2%2Fmedia&parent=68504"}],"wp:term":[{"taxonomy":"category","embeddable":true,"href":"https:\/\/archive.sana.sy\/es\/index.php?rest_route=%2Fwp%2Fv2%2Fcategories&post=68504"},{"taxonomy":"post_tag","embeddable":true,"href":"https:\/\/archive.sana.sy\/es\/index.php?rest_route=%2Fwp%2Fv2%2Ftags&post=68504"}],"curies":[{"name":"wp","href":"https:\/\/api.w.org\/{rel}","templated":true}]}}