{"id":68535,"date":"2017-08-15T17:07:58","date_gmt":"2017-08-15T14:07:58","guid":{"rendered":"http:\/\/www.sana.sy\/es\/?p=68535"},"modified":"2017-08-15T17:09:21","modified_gmt":"2017-08-15T14:09:21","slug":"dan-ultimos-toques-finales-a-los-preparativos-para-la-feria-internacional-de-damasco","status":"publish","type":"post","link":"https:\/\/archive.sana.sy\/es\/?p=68535","title":{"rendered":"Dan \u00faltimos toques a los preparativos para la Feria Internacional de Damasco"},"content":{"rendered":"<p><span style=\"color: #800000\">Damasco, SANA<\/span>&#8211; La Fundaci\u00f3n General de Ferias y Mercados Internacionales, en cooperaci\u00f3n con diversas entidades p\u00fablicas y privadas, da los toques finales a los preparativos para la 59\u00aa sesi\u00f3n de la Feria Internacional de Damasco, prevista para el pr\u00f3ximo jueves.<\/p>\n<p>La Fundaci\u00f3n alz\u00f3 las banderas de los pa\u00edses \u00e1rabes y extranjeros participantes en la exposici\u00f3n, que ascendieron a 43 pa\u00edses, 23 de ellos participaron oficialmente a trav\u00e9s de sus embajadas, y 20 pa\u00edses registraron una participaci\u00f3n comercio en la Feria, que ser\u00e1 a trav\u00e9s de empresas econ\u00f3micas independientes, seg\u00fan un comunicado del Director del Fundaci\u00f3n General de Ferias y Mercados Internacionales, Fares Krtli.<\/p>\n<p><a href=\"http:\/\/www.sana.sy\/es\/?attachment_id=68536\" rel=\"attachment wp-att-68536\"><img loading=\"lazy\" decoding=\"async\" class=\"alignnone size-medium wp-image-68536\" src=\"http:\/\/www.sana.sy\/es\/wp-content\/uploads\/2017\/08\/7-5-300x200.jpg\" alt=\"\" width=\"300\" height=\"200\" srcset=\"https:\/\/archive.sana.sy\/es\/wp-content\/uploads\/2017\/08\/7-5.jpg 300w, https:\/\/archive.sana.sy\/es\/wp-content\/uploads\/2017\/08\/7-5-150x100.jpg 150w\" sizes=\"(max-width: 300px) 100vw, 300px\" \/><\/a>\u00a0<a href=\"http:\/\/www.sana.sy\/es\/?attachment_id=68537\" rel=\"attachment wp-att-68537\"><img loading=\"lazy\" decoding=\"async\" class=\"alignnone size-medium wp-image-68537\" src=\"http:\/\/www.sana.sy\/es\/wp-content\/uploads\/2017\/08\/8-4-300x200.jpg\" alt=\"\" width=\"300\" height=\"200\" srcset=\"https:\/\/archive.sana.sy\/es\/wp-content\/uploads\/2017\/08\/8-4.jpg 300w, https:\/\/archive.sana.sy\/es\/wp-content\/uploads\/2017\/08\/8-4-150x100.jpg 150w\" sizes=\"(max-width: 300px) 100vw, 300px\" \/><\/a><\/p>\n<p>La Feria Internacional de Damasco, la ventana de la econom\u00eda siria al mundo, vuelve a la vida luego de varios a\u00f1os de ausencia forzada merced a la guerra terrorista infringida al pa\u00eds.<\/p>\n<p>La famosa Feria Internacional de Damasco ha desafiado todas las sumamente duras y coercitivas medidas econ\u00f3micas impuestas de forma unilateral sobre Siria, y ser\u00e1 revivida en su edici\u00f3n n\u00famero 59 en 2017, del 17 al 26 de agosto, sobreponi\u00e9ndose a las repercusiones de la guerra y atrayendo exitosamente muchas compa\u00f1\u00edas \u00e1rabes y extranjeras para unirse a sus actividades.<\/p>\n<p><iframe loading=\"lazy\" title=\"\u0643\u0648\u0646\u0648\u0627 \u0639\u0644\u0649 \u0627\u0644\u0645\u0648\u0639\u062f\u2026 \u0645\u0646 17 \u0644\u063a\u0627\u064a\u0629 26 \u0622\u0628 2017\" width=\"618\" height=\"348\" src=\"https:\/\/www.youtube.com\/embed\/xJhlZj9uO34?feature=oembed\" frameborder=\"0\" allow=\"accelerometer; autoplay; clipboard-write; encrypted-media; gyroscope; picture-in-picture; web-share\" referrerpolicy=\"strict-origin-when-cross-origin\" allowfullscreen><\/iframe><\/p>\n<p>&nbsp;<\/p>\n<p>&nbsp;<\/p>\n<p>&nbsp;<\/p>\n<p>M\/Miri<\/p>\n","protected":false},"excerpt":{"rendered":"<p>Damasco, SANA&#8211; La Fundaci\u00f3n General de Ferias y Mercados Internacionales, en cooperaci\u00f3n con diversas entidades p\u00fablicas y privadas, da los toques finales a los preparativos para la 59\u00aa sesi\u00f3n de la Feria Internacional de Damasco, prevista para el pr\u00f3ximo jueves. La Fundaci\u00f3n alz\u00f3 las banderas de los pa\u00edses \u00e1rabes y extranjeros participantes en la exposici\u00f3n, &hellip;<\/p>\n","protected":false},"author":1,"featured_media":68538,"comment_status":"closed","ping_status":"closed","sticky":false,"template":"","format":"standard","meta":{"footnotes":""},"categories":[477,597,476,583],"tags":[10637],"class_list":["post-68535","post","type-post","status-publish","format-standard","has-post-thumbnail","","category-noticias-edulcorantes","category-cinta-de-noticias","category-locales","category-slide","tag-la-feria-internacional-de-damasco"],"_links":{"self":[{"href":"https:\/\/archive.sana.sy\/es\/index.php?rest_route=\/wp\/v2\/posts\/68535"}],"collection":[{"href":"https:\/\/archive.sana.sy\/es\/index.php?rest_route=\/wp\/v2\/posts"}],"about":[{"href":"https:\/\/archive.sana.sy\/es\/index.php?rest_route=\/wp\/v2\/types\/post"}],"author":[{"embeddable":true,"href":"https:\/\/archive.sana.sy\/es\/index.php?rest_route=\/wp\/v2\/users\/1"}],"replies":[{"embeddable":true,"href":"https:\/\/archive.sana.sy\/es\/index.php?rest_route=%2Fwp%2Fv2%2Fcomments&post=68535"}],"version-history":[{"count":0,"href":"https:\/\/archive.sana.sy\/es\/index.php?rest_route=\/wp\/v2\/posts\/68535\/revisions"}],"wp:featuredmedia":[{"embeddable":true,"href":"https:\/\/archive.sana.sy\/es\/index.php?rest_route=\/wp\/v2\/media\/68538"}],"wp:attachment":[{"href":"https:\/\/archive.sana.sy\/es\/index.php?rest_route=%2Fwp%2Fv2%2Fmedia&parent=68535"}],"wp:term":[{"taxonomy":"category","embeddable":true,"href":"https:\/\/archive.sana.sy\/es\/index.php?rest_route=%2Fwp%2Fv2%2Fcategories&post=68535"},{"taxonomy":"post_tag","embeddable":true,"href":"https:\/\/archive.sana.sy\/es\/index.php?rest_route=%2Fwp%2Fv2%2Ftags&post=68535"}],"curies":[{"name":"wp","href":"https:\/\/api.w.org\/{rel}","templated":true}]}}