{"id":68551,"date":"2017-08-16T15:19:50","date_gmt":"2017-08-16T12:19:50","guid":{"rendered":"http:\/\/www.sana.sy\/es\/?p=68551"},"modified":"2017-08-16T15:19:50","modified_gmt":"2017-08-16T12:19:50","slug":"asciende-a-cuatro-muertos-y-17-heridos-el-saldo-de-ataques-terroristas-contra-la-ciudad-de-alepo","status":"publish","type":"post","link":"https:\/\/archive.sana.sy\/es\/?p=68551","title":{"rendered":"Asciende a cuatro muertos y 17 heridos el saldo de ataques terroristas contra la ciudad de Alepo"},"content":{"rendered":"<p><span style=\"color: #800000\">Damasco, SANA<\/span>&#8211; Ascendi\u00f3 a cuatro el saldo de v\u00edctimas mortales de los ataques terroristas con cohetes contra la ciudad de Alepo, en el norte del pa\u00eds.<\/p>\n<p>Seg\u00fan fuentes en la Gobernaci\u00f3n de Alepo, tres cohetes impactaron en el barrio residencial de Akramiyeh en Alepo, provocando significativos da\u00f1os materiale en los coches y las casas de los civiles.<\/p>\n<p>Una fuente m\u00e9dica explic\u00f3 que entre los cuatro muertos se encuentra una mujer y una ni\u00f1a, mientras otros 17 resultaron heridos, algunos de gravedad.<\/p>\n<p>El lanzamiento de los cohetes fue desde las zonas ubicadas al oeste de Alepo, espec\u00edficamente el suburbio de Rashidin 4 donde se despliegan facciones extremistas patrocinadas por Turqu\u00eda como Ahrar el Cham (Libres del Levante) y el Movimiento Nour El Din Zanki.<\/p>\n<p>&nbsp;<\/p>\n<p>Fady M\/ M Miri<\/p>\n","protected":false},"excerpt":{"rendered":"<p>Damasco, SANA&#8211; Ascendi\u00f3 a cuatro el saldo de v\u00edctimas mortales de los ataques terroristas con cohetes contra la ciudad de Alepo, en el norte del pa\u00eds. Seg\u00fan fuentes en la Gobernaci\u00f3n de Alepo, tres cohetes impactaron en el barrio residencial de Akramiyeh en Alepo, provocando significativos da\u00f1os materiale en los coches y las casas de &hellip;<\/p>\n","protected":false},"author":1,"featured_media":68552,"comment_status":"closed","ping_status":"closed","sticky":false,"template":"","format":"standard","meta":{"footnotes":""},"categories":[597,573,7541],"tags":[2626],"class_list":["post-68551","post","type-post","status-publish","format-standard","has-post-thumbnail","","category-cinta-de-noticias","category-la-realidad-de-los-acontecimientos-en-siria","category-ultimas-noticias","tag-alepo"],"_links":{"self":[{"href":"https:\/\/archive.sana.sy\/es\/index.php?rest_route=\/wp\/v2\/posts\/68551"}],"collection":[{"href":"https:\/\/archive.sana.sy\/es\/index.php?rest_route=\/wp\/v2\/posts"}],"about":[{"href":"https:\/\/archive.sana.sy\/es\/index.php?rest_route=\/wp\/v2\/types\/post"}],"author":[{"embeddable":true,"href":"https:\/\/archive.sana.sy\/es\/index.php?rest_route=\/wp\/v2\/users\/1"}],"replies":[{"embeddable":true,"href":"https:\/\/archive.sana.sy\/es\/index.php?rest_route=%2Fwp%2Fv2%2Fcomments&post=68551"}],"version-history":[{"count":0,"href":"https:\/\/archive.sana.sy\/es\/index.php?rest_route=\/wp\/v2\/posts\/68551\/revisions"}],"wp:featuredmedia":[{"embeddable":true,"href":"https:\/\/archive.sana.sy\/es\/index.php?rest_route=\/wp\/v2\/media\/68552"}],"wp:attachment":[{"href":"https:\/\/archive.sana.sy\/es\/index.php?rest_route=%2Fwp%2Fv2%2Fmedia&parent=68551"}],"wp:term":[{"taxonomy":"category","embeddable":true,"href":"https:\/\/archive.sana.sy\/es\/index.php?rest_route=%2Fwp%2Fv2%2Fcategories&post=68551"},{"taxonomy":"post_tag","embeddable":true,"href":"https:\/\/archive.sana.sy\/es\/index.php?rest_route=%2Fwp%2Fv2%2Ftags&post=68551"}],"curies":[{"name":"wp","href":"https:\/\/api.w.org\/{rel}","templated":true}]}}