{"id":68554,"date":"2017-08-16T15:22:29","date_gmt":"2017-08-16T12:22:29","guid":{"rendered":"http:\/\/www.sana.sy\/es\/?p=68554"},"modified":"2017-08-16T15:22:29","modified_gmt":"2017-08-16T12:22:29","slug":"concluidos-preparativos-para-el-lanzamiento-de-la-59-edicion-de-la-feria-internacional-de-damasco","status":"publish","type":"post","link":"https:\/\/archive.sana.sy\/es\/?p=68554","title":{"rendered":"Concluidos preparativos para el lanzamiento de la 59 Edici\u00f3n de la Feria Internacional de Damasco"},"content":{"rendered":"<p><span style=\"color: #800000\">Damasco, SANA<\/span>&#8211; El Establecimiento General de Ferias y Mercados Internacionales, en cooperaci\u00f3n con todos los ministerios e instituciones del Estado, concluyeron todos los preparativos para el lanzamiento de la 59\u00aa edici\u00f3n de la Feria Internacional de Damasco, prevista para ma\u00f1ana jueves.<\/p>\n<p>Como parte de los preparativos, se izaron las banderas de los pa\u00edses \u00e1rabes y extranjeros participantes en la Feria.<\/p>\n<p>El Director General del Establecimiento P\u00fablico de Feria y Mercados Internacionales, Fares Ahmad Kartally, dijo que 23 pa\u00edses participan a trav\u00e9s de sus Embajadas, y otros 20 participar\u00e1n a trav\u00e9s de compa\u00f1\u00edas nacionales o de empresas con presencia en Siria.<\/p>\n<p>Los 23 pa\u00edses son: Cuba, Venezuela, Brasil, Armenia, Bielorrusia, Rusia, Ir\u00e1n, China, Pakist\u00e1n, Egipto, Om\u00e1n, La India, Indonesia, Irak, Corea del Norte, L\u00edbano, Palestina, Sud\u00e1frica, Sud\u00e1n, Yemen, Om\u00e1n y Abjasia.<\/p>\n<p>Destac\u00f3 que las mayores delegaciones ser\u00e1n las de Ir\u00e1n, China y Rusia, todos aliados cercanos de Siria en su lucha contra el terrorismo.<\/p>\n<p>Kartally explic\u00f3 que se han realizado obras de rehabilitaci\u00f3n al recinto ferial debido a que el lugar permaneci\u00f3 cerrado durante seis a\u00f1os y sus pabellones fueron utilizados por peque\u00f1as industrias artesanales de productos b\u00e1sicos o alimenticios, o como almacenes de empresas que evacuaron sus equipos y productos de zonas que fueron ocupadas por los terroristas.<\/p>\n<p>Por otro lado, revel\u00f3 que alrededor de 70 Autobuses se destinaron para la transportaci\u00f3n de las personas desde varios puntos de la ciudad de Damasco y sus alrededores hacia el recinto ferial.<\/p>\n<p>El recinto medial tiene una superficie de un mill\u00f3n 200 mil metros cuadrados e incluye adem\u00e1s de los pabellones, espacios para parqueos, recreaci\u00f3n, tiendas y cafeter\u00edas, adem\u00e1s de un centro m\u00e9dico y una comisar\u00eda de polic\u00eda.<\/p>\n<p>&nbsp;<\/p>\n<p>Fady M\/ M Miri<\/p>\n","protected":false},"excerpt":{"rendered":"<p>Damasco, SANA&#8211; El Establecimiento General de Ferias y Mercados Internacionales, en cooperaci\u00f3n con todos los ministerios e instituciones del Estado, concluyeron todos los preparativos para el lanzamiento de la 59\u00aa edici\u00f3n de la Feria Internacional de Damasco, prevista para ma\u00f1ana jueves. Como parte de los preparativos, se izaron las banderas de los pa\u00edses \u00e1rabes y &hellip;<\/p>\n","protected":false},"author":1,"featured_media":68555,"comment_status":"closed","ping_status":"closed","sticky":false,"template":"","format":"standard","meta":{"footnotes":""},"categories":[477,597,476,7541],"tags":[10637],"class_list":["post-68554","post","type-post","status-publish","format-standard","has-post-thumbnail","","category-noticias-edulcorantes","category-cinta-de-noticias","category-locales","category-ultimas-noticias","tag-la-feria-internacional-de-damasco"],"_links":{"self":[{"href":"https:\/\/archive.sana.sy\/es\/index.php?rest_route=\/wp\/v2\/posts\/68554"}],"collection":[{"href":"https:\/\/archive.sana.sy\/es\/index.php?rest_route=\/wp\/v2\/posts"}],"about":[{"href":"https:\/\/archive.sana.sy\/es\/index.php?rest_route=\/wp\/v2\/types\/post"}],"author":[{"embeddable":true,"href":"https:\/\/archive.sana.sy\/es\/index.php?rest_route=\/wp\/v2\/users\/1"}],"replies":[{"embeddable":true,"href":"https:\/\/archive.sana.sy\/es\/index.php?rest_route=%2Fwp%2Fv2%2Fcomments&post=68554"}],"version-history":[{"count":0,"href":"https:\/\/archive.sana.sy\/es\/index.php?rest_route=\/wp\/v2\/posts\/68554\/revisions"}],"wp:featuredmedia":[{"embeddable":true,"href":"https:\/\/archive.sana.sy\/es\/index.php?rest_route=\/wp\/v2\/media\/68555"}],"wp:attachment":[{"href":"https:\/\/archive.sana.sy\/es\/index.php?rest_route=%2Fwp%2Fv2%2Fmedia&parent=68554"}],"wp:term":[{"taxonomy":"category","embeddable":true,"href":"https:\/\/archive.sana.sy\/es\/index.php?rest_route=%2Fwp%2Fv2%2Fcategories&post=68554"},{"taxonomy":"post_tag","embeddable":true,"href":"https:\/\/archive.sana.sy\/es\/index.php?rest_route=%2Fwp%2Fv2%2Ftags&post=68554"}],"curies":[{"name":"wp","href":"https:\/\/api.w.org\/{rel}","templated":true}]}}