{"id":68560,"date":"2017-08-16T15:29:34","date_gmt":"2017-08-16T12:29:34","guid":{"rendered":"http:\/\/www.sana.sy\/es\/?p=68560"},"modified":"2017-08-16T15:29:34","modified_gmt":"2017-08-16T12:29:34","slug":"desde-su-creacion-en-1954-la-feria-internacional-de-damasco-es-uno-de-los-eventos-economicos-mas-importantes-en-toda-la-region","status":"publish","type":"post","link":"https:\/\/archive.sana.sy\/es\/?p=68560","title":{"rendered":"Desde su creaci\u00f3n en 1954, la Feria Internacional de Damasco es uno de los eventos econ\u00f3micos m\u00e1s importantes en toda la regi\u00f3n"},"content":{"rendered":"<p><span style=\"color: #800000\">Damasco, SANA<\/span>&#8211; La Feria Internacional de Damasco, ventana de econom\u00eda de Siria al mundo, vuelve a celebrarse despu\u00e9s de seis a\u00f1os de ausencia forzada debido a la guerra terrorista liberada contra el pa\u00eds.<\/p>\n<p>La Feria se inaugurar\u00e1 este jueves d\u00eda 17 de agosto y durar\u00e1 hasta el d\u00eda 26 y su celebraci\u00f3n constituye un mensaje a todo el mundo de que Siria se est\u00e1 recuperando a pesar del terrorismo y de las sanciones unilaterales y coercitivas impuestas por Occidente y los pa\u00edses del Golfo.<br \/>\nLa Feria desde su creaci\u00f3n en 1954 hasta su \u00faltima edici\u00f3n celebrada en 2011, es considerada como una referencia en la regi\u00f3n del Medio Oriente.<\/p>\n<p>El Decreto No. 14 del 1953 estipulaba la celebraci\u00f3n de una sola edici\u00f3n de la Feria Internacional de Damasco, que tuvo lugar en 1954; sin embargo, tras su \u00e9xito, se decidi\u00f3 que la Feria deber\u00eda celebrarse peri\u00f3dicamente, de acuerdo con la Ley no. 40 para el a\u00f1o 1955, que estipulaba el establecimiento del Departamento de la Feria Internacional de Damasco y su Loter\u00eda.<\/p>\n<p>La Feria hasta el a\u00f1o 2002 se celebraba en una zona en el centro de la ciudad de Damasco que se extiende desde el Puente de Victoria y el Museo Nacional a lo largo del r\u00edo Barada, pasando por las plazas verdes hasta llegar a la emblem\u00e1tica Plaza de los Omeyas.<\/p>\n<p>A principios de los a\u00f1os sesenta del siglo XX, los artistas sirios levantaron en la Plaza de los Omeyas en el centro de la capital un monumento de la Espada de Damasco como s\u00edmbolo del poder y la resistencia de la ciudad.<\/p>\n<p>La primera edici\u00f3n de la Feria se celebr\u00f3 el primero de septiembre de 1954 y dur\u00f3 un mes donde el n\u00famero de visitantes super\u00f3 los 100.000 y participaron 26 pa\u00edses \u00e1rabes y extranjeros; y se organiz\u00f3 en un espacio de 250.000 metros cuadrados.<\/p>\n<p>En 1958, la Feria Internacional de Damasco pas\u00f3 a ser miembro de la Uni\u00f3n Internacional de Ferias y en 1970 logr\u00f3 un salto cualitativo en t\u00e9rminos del aumento del n\u00famero de empresas participantes y pa\u00edses que abarcaban los cinco continentes.<\/p>\n<p>Con el paso de los a\u00f1os, hubo necesidad de encontrar un nuevo lugar con amplios espacios para adaptarse al creciente n\u00famero de pa\u00edses participantes.<\/p>\n<p>El nuevo recinto ferial es uno de los m\u00e1s grandes de todo el mundo y tiene m\u00e1s de 1.2 millones de metros cuadrados y est\u00e1 situado en la carretera del Aeropuerto Internacional de Damasco.<\/p>\n<p>En la 59 Edici\u00f3n de la Feria participan unos 43 pa\u00edses (23 pa\u00edses participan a trav\u00e9s de sus embajadas y otros 20 participar\u00e1n a trav\u00e9s de compa\u00f1\u00edas nacionales o de empresas con presencia en Siria).<\/p>\n<p>Los 23 pa\u00edses son: Cuba, Venezuela, Brasil, Armenia, Bielorrusia, Rusia, Ir\u00e1n, China, Pakist\u00e1n, Egipto, Om\u00e1n, La India, Indonesia, Irak, Corea del Norte, L\u00edbano, Palestina, Sud\u00e1frica, Sud\u00e1n, Yemen, Om\u00e1n y Abjasia.<\/p>\n<p>&nbsp;<\/p>\n<p>&nbsp;<\/p>\n<p>Fady M\/ M Miri<\/p>\n","protected":false},"excerpt":{"rendered":"<p>Damasco, SANA&#8211; La Feria Internacional de Damasco, ventana de econom\u00eda de Siria al mundo, vuelve a celebrarse despu\u00e9s de seis a\u00f1os de ausencia forzada debido a la guerra terrorista liberada contra el pa\u00eds. La Feria se inaugurar\u00e1 este jueves d\u00eda 17 de agosto y durar\u00e1 hasta el d\u00eda 26 y su celebraci\u00f3n constituye un mensaje &hellip;<\/p>\n","protected":false},"author":1,"featured_media":68561,"comment_status":"closed","ping_status":"closed","sticky":false,"template":"","format":"standard","meta":{"footnotes":""},"categories":[477,597,476,583,7541],"tags":[10637],"class_list":["post-68560","post","type-post","status-publish","format-standard","has-post-thumbnail","","category-noticias-edulcorantes","category-cinta-de-noticias","category-locales","category-slide","category-ultimas-noticias","tag-la-feria-internacional-de-damasco"],"_links":{"self":[{"href":"https:\/\/archive.sana.sy\/es\/index.php?rest_route=\/wp\/v2\/posts\/68560"}],"collection":[{"href":"https:\/\/archive.sana.sy\/es\/index.php?rest_route=\/wp\/v2\/posts"}],"about":[{"href":"https:\/\/archive.sana.sy\/es\/index.php?rest_route=\/wp\/v2\/types\/post"}],"author":[{"embeddable":true,"href":"https:\/\/archive.sana.sy\/es\/index.php?rest_route=\/wp\/v2\/users\/1"}],"replies":[{"embeddable":true,"href":"https:\/\/archive.sana.sy\/es\/index.php?rest_route=%2Fwp%2Fv2%2Fcomments&post=68560"}],"version-history":[{"count":0,"href":"https:\/\/archive.sana.sy\/es\/index.php?rest_route=\/wp\/v2\/posts\/68560\/revisions"}],"wp:featuredmedia":[{"embeddable":true,"href":"https:\/\/archive.sana.sy\/es\/index.php?rest_route=\/wp\/v2\/media\/68561"}],"wp:attachment":[{"href":"https:\/\/archive.sana.sy\/es\/index.php?rest_route=%2Fwp%2Fv2%2Fmedia&parent=68560"}],"wp:term":[{"taxonomy":"category","embeddable":true,"href":"https:\/\/archive.sana.sy\/es\/index.php?rest_route=%2Fwp%2Fv2%2Fcategories&post=68560"},{"taxonomy":"post_tag","embeddable":true,"href":"https:\/\/archive.sana.sy\/es\/index.php?rest_route=%2Fwp%2Fv2%2Ftags&post=68560"}],"curies":[{"name":"wp","href":"https:\/\/api.w.org\/{rel}","templated":true}]}}