{"id":68563,"date":"2017-08-16T15:33:05","date_gmt":"2017-08-16T12:33:05","guid":{"rendered":"http:\/\/www.sana.sy\/es\/?p=68563"},"modified":"2017-08-16T19:21:07","modified_gmt":"2017-08-16T16:21:07","slug":"ejercito-sirio-elimina-a-mercenarios-saudies-kuwaities-y-malasios-del-daesh-en-deir-ezzor","status":"publish","type":"post","link":"https:\/\/archive.sana.sy\/es\/?p=68563","title":{"rendered":"Ej\u00e9rcito sirio elimina a mercenarios saud\u00edes, kuwait\u00edes y malasios del Daesh en Deir Ezzor"},"content":{"rendered":"<p><span style=\"color: #800000\">Provincias, SANA<\/span>&#8211; En sus operativos antiterroristas en la provincia oriental de Deir Ezzor, el ej\u00e9rcito sirio elimin\u00f3 a varios terroristas del Daesh y bombarde\u00f3 sus sedes y fortificaciones.<\/p>\n<p>Una fuente militar inform\u00f3 que los ataques a\u00e9reos dieron como resultado la destrucci\u00f3n de varias sedes y la eliminaci\u00f3n de un n\u00famero de yihadistas, entre ellos los terroristas kuwait\u00edes Owaied Barrak y Ayed al-Dakhil y el terrorista saud\u00ed Abu Aisha Jazrawi&#8221; y el malasio apodado como &#8220;Abu Maryam&#8221;.<\/p>\n<p>En otro contexto, fuentes civiles informaron que los dos cabecillas del Daesh, el tunecino Yuleibib Tuneci y el belga Abu Talha, huyeron y llevaron a unos 39 millones de libras sirias.<\/p>\n<p>En el campo este de <span style=\"color: #0000ff\">Hama<\/span>, el Ej\u00e9rcito sirio en cooperaci\u00f3n con las fuerzas de respaldo lograron este mi\u00e9rcoles retomar el control de un conjunto de colinas estrat\u00e9gicas en la periferia del pueblo de Salba en el marco de sus continuos operativos contra los terroristas de Daesh en el campo este de Salamiya, confirm\u00f3 una fuente militar.<\/p>\n<p>Seg\u00fan la fuente, los uniformados sirios causaron numerosas bajas a la organizaci\u00f3n terrorista, adem\u00e1s de p\u00e9rdidas en su material b\u00e9lico.<\/p>\n<p>Es de se\u00f1alar que el Ej\u00e9rcito sirio se adentr\u00f3 anteayer 10 km hacia la zona de Athraya situada al sureste de Katafa en el campo este de Hama, y luego retomaron el control de varias colinas y altos estrat\u00e9gicos en dicha zona.<\/p>\n<p>&nbsp;<\/p>\n<p>&nbsp;<\/p>\n<p>Fady M\/ M Miri\/Lynn A.<\/p>\n","protected":false},"excerpt":{"rendered":"<p>Provincias, SANA&#8211; En sus operativos antiterroristas en la provincia oriental de Deir Ezzor, el ej\u00e9rcito sirio elimin\u00f3 a varios terroristas del Daesh y bombarde\u00f3 sus sedes y fortificaciones. Una fuente militar inform\u00f3 que los ataques a\u00e9reos dieron como resultado la destrucci\u00f3n de varias sedes y la eliminaci\u00f3n de un n\u00famero de yihadistas, entre ellos los &hellip;<\/p>\n","protected":false},"author":1,"featured_media":68602,"comment_status":"closed","ping_status":"closed","sticky":false,"template":"","format":"standard","meta":{"footnotes":""},"categories":[597,573,583,7541],"tags":[],"class_list":["post-68563","post","type-post","status-publish","format-standard","has-post-thumbnail","","category-cinta-de-noticias","category-la-realidad-de-los-acontecimientos-en-siria","category-slide","category-ultimas-noticias"],"_links":{"self":[{"href":"https:\/\/archive.sana.sy\/es\/index.php?rest_route=\/wp\/v2\/posts\/68563"}],"collection":[{"href":"https:\/\/archive.sana.sy\/es\/index.php?rest_route=\/wp\/v2\/posts"}],"about":[{"href":"https:\/\/archive.sana.sy\/es\/index.php?rest_route=\/wp\/v2\/types\/post"}],"author":[{"embeddable":true,"href":"https:\/\/archive.sana.sy\/es\/index.php?rest_route=\/wp\/v2\/users\/1"}],"replies":[{"embeddable":true,"href":"https:\/\/archive.sana.sy\/es\/index.php?rest_route=%2Fwp%2Fv2%2Fcomments&post=68563"}],"version-history":[{"count":0,"href":"https:\/\/archive.sana.sy\/es\/index.php?rest_route=\/wp\/v2\/posts\/68563\/revisions"}],"wp:featuredmedia":[{"embeddable":true,"href":"https:\/\/archive.sana.sy\/es\/index.php?rest_route=\/wp\/v2\/media\/68602"}],"wp:attachment":[{"href":"https:\/\/archive.sana.sy\/es\/index.php?rest_route=%2Fwp%2Fv2%2Fmedia&parent=68563"}],"wp:term":[{"taxonomy":"category","embeddable":true,"href":"https:\/\/archive.sana.sy\/es\/index.php?rest_route=%2Fwp%2Fv2%2Fcategories&post=68563"},{"taxonomy":"post_tag","embeddable":true,"href":"https:\/\/archive.sana.sy\/es\/index.php?rest_route=%2Fwp%2Fv2%2Ftags&post=68563"}],"curies":[{"name":"wp","href":"https:\/\/api.w.org\/{rel}","templated":true}]}}