{"id":68618,"date":"2017-08-17T18:46:58","date_gmt":"2017-08-17T15:46:58","guid":{"rendered":"http:\/\/www.sana.sy\/es\/?p=68618"},"modified":"2017-08-17T18:46:58","modified_gmt":"2017-08-17T15:46:58","slug":"delegacion-ministerial-libanesa-inicia-una-visita-a-siria","status":"publish","type":"post","link":"https:\/\/archive.sana.sy\/es\/?p=68618","title":{"rendered":"Delegaci\u00f3n ministerial libanesa inicia una visita a Siria"},"content":{"rendered":"<p>Damasco, SANA<\/p>\n<p>Lleg\u00f3 la tarde del mi\u00e9rcoles a la capital Damasco una delegaci\u00f3n ministerial libanesa conformada por los ministros de Industria, Hussein Hajj Hassan, y de Agricultura, Ghazi Zaiter.<\/p>\n<p>Es declaraciones a su llegada a cruce fronterizo Yedeidet, el ministro de Industria liban\u00e9s dijo: &#8220;empresas y productores libaneses van a participar en la Feria Internacional de Damasco y vamos a mantener conversaciones con los altos funcionarios sirios sobre cuestiones econ\u00f3micas comunes entre los dos pa\u00edses.&#8221;<\/p>\n<p>El Ministro Hassan manifest\u00f3 su convicci\u00f3n de que las relaciones hist\u00f3ricas y profundas entre Siria y L\u00edbano continuar\u00e1n y que el L\u00edbano tiene inter\u00e9s en el fortalecimiento de esas relaciones y desarrollarlas&#8221;.<\/p>\n<p>El titular liban\u00e9s felicit\u00f3 al ej\u00e9rcito y al pueblo sirio por las grandes victorias logradas por los sirios y sus aliados contra el terrorismo y contra el proyecto israel\u00ed-estadounidense&#8221;.<\/p>\n<p>A su vez, el Ministro de Agricultura liban\u00e9s, Ghazi Zaiter, dijo que durante la visita se va a abordar la activaci\u00f3n de los acuerdos suscritos entre el L\u00edbano y Siria en los acampos de la agricultura y la industria y otros campos.<\/p>\n<p>Agreg\u00f3 que &#8220;la visita tendr\u00e1 resultados positivos a pesar de todas las cosas negativas que se hablan en la prensa&#8221;.<\/p>\n<p>F.M.-Y.K.<\/p>\n","protected":false},"excerpt":{"rendered":"<p>Damasco, SANA Lleg\u00f3 la tarde del mi\u00e9rcoles a la capital Damasco una delegaci\u00f3n ministerial libanesa conformada por los ministros de Industria, Hussein Hajj Hassan, y de Agricultura, Ghazi Zaiter. Es declaraciones a su llegada a cruce fronterizo Yedeidet, el ministro de Industria liban\u00e9s dijo: &#8220;empresas y productores libaneses van a participar en la Feria Internacional &hellip;<\/p>\n","protected":false},"author":1,"featured_media":68619,"comment_status":"closed","ping_status":"closed","sticky":false,"template":"","format":"standard","meta":{"footnotes":""},"categories":[477,476,7541],"tags":[],"class_list":["post-68618","post","type-post","status-publish","format-standard","has-post-thumbnail","","category-noticias-edulcorantes","category-locales","category-ultimas-noticias"],"_links":{"self":[{"href":"https:\/\/archive.sana.sy\/es\/index.php?rest_route=\/wp\/v2\/posts\/68618"}],"collection":[{"href":"https:\/\/archive.sana.sy\/es\/index.php?rest_route=\/wp\/v2\/posts"}],"about":[{"href":"https:\/\/archive.sana.sy\/es\/index.php?rest_route=\/wp\/v2\/types\/post"}],"author":[{"embeddable":true,"href":"https:\/\/archive.sana.sy\/es\/index.php?rest_route=\/wp\/v2\/users\/1"}],"replies":[{"embeddable":true,"href":"https:\/\/archive.sana.sy\/es\/index.php?rest_route=%2Fwp%2Fv2%2Fcomments&post=68618"}],"version-history":[{"count":0,"href":"https:\/\/archive.sana.sy\/es\/index.php?rest_route=\/wp\/v2\/posts\/68618\/revisions"}],"wp:featuredmedia":[{"embeddable":true,"href":"https:\/\/archive.sana.sy\/es\/index.php?rest_route=\/wp\/v2\/media\/68619"}],"wp:attachment":[{"href":"https:\/\/archive.sana.sy\/es\/index.php?rest_route=%2Fwp%2Fv2%2Fmedia&parent=68618"}],"wp:term":[{"taxonomy":"category","embeddable":true,"href":"https:\/\/archive.sana.sy\/es\/index.php?rest_route=%2Fwp%2Fv2%2Fcategories&post=68618"},{"taxonomy":"post_tag","embeddable":true,"href":"https:\/\/archive.sana.sy\/es\/index.php?rest_route=%2Fwp%2Fv2%2Ftags&post=68618"}],"curies":[{"name":"wp","href":"https:\/\/api.w.org\/{rel}","templated":true}]}}