{"id":68621,"date":"2017-08-17T18:48:02","date_gmt":"2017-08-17T15:48:02","guid":{"rendered":"http:\/\/www.sana.sy\/es\/?p=68621"},"modified":"2017-08-17T18:48:58","modified_gmt":"2017-08-17T15:48:58","slug":"embajador-de-cuba-en-damasco-siria-hace-servicio-a-la-humanidad-con-su-guerra-contra-el-terrorismo","status":"publish","type":"post","link":"https:\/\/archive.sana.sy\/es\/?p=68621","title":{"rendered":"Embajador de Cuba en Damasco: Siria hace servicio a la humanidad con su guerra contra el terrorismo"},"content":{"rendered":"<p>Damasco, SANA<\/p>\n<p>La Embajada de la Rep\u00fablica de Cuba en Damasco organiz\u00f3 una recepci\u00f3n con motivo del Cumplea\u00f1os 91 del L\u00edder de la Revoluci\u00f3n Cubana, Fidel Castro, y el 52 Aniversario del Establecimiento de Relaciones Diplom\u00e1ticas de la Rep\u00fablica \u00c1rabe Siria y la Rep\u00fablica de Cuba.<\/p>\n<p>Asisti\u00f3 a la ceremonia el miembro de la Direcci\u00f3n Nacional del Partido Baath \u00c1rabe Socialista y presidente de la Asociaci\u00f3n de Amistad Sirio-Cuba, Dr. Mohsen Bilal.<\/p>\n<p>En declaraciones a los medios de comunicaci\u00f3n que cubrieron la actividad, el Viceministro de Exteriores y Expatriados, Faisal Mekdad, dijo que la vida de Fidel est\u00e1 llena de lucha y trabajo, y dio lecciones para todas las generaciones.<\/p>\n<p>Agreg\u00f3 que Cuba siempre ha apoyado a los pa\u00edses del tercer mundo y siempre ha asumido sus responsabilidades en la arena y respald\u00f3 a los movimientos de liberaci\u00f3n y decenas de cubanos dieron su vida en la liberaci\u00f3n de muchos de los pueblos de \u00c1frica, Asia y Am\u00e9rica Latina.<\/p>\n<p>El diplom\u00e1tico sirio explic\u00f3 que &#8220;las relaciones bilaterales entre Siria y Cuba son s\u00f3lidas y arraigadas y, se desarrollan cada d\u00eda a pesar de los desaf\u00edos que enfrentan los dos pa\u00edses, destacando que Cuba era y sigue siendo la primera trinchera para hacer frente a los planes hegem\u00f3nicos en el mundo.<\/p>\n<p>Consider\u00f3 que las intenciones agresivas de Estados Unidos contra Cuba no van a parar particularmente con la decisi\u00f3n del nuevo gobierno de Estados Unidos de cancelar todas las medidas tomadas por la administraci\u00f3n anterior con el fin de establecer relaciones normales con Cuba.<\/p>\n<p>Por \u00faltimo, reiter\u00f3 el apoyo de Siria al pueblo y al gobierno de Cuba y expres\u00f3 el inter\u00e9s y el deseo de Siria de desarrollar a\u00fan m\u00e1s las relaciones.<\/p>\n<p>Por su parte, el embajador de Cuba en Damasco, Rogerio Santana, dijo que es un honor conmemorar en un pa\u00eds hermano como Siria el Cumplea\u00f1os 91 del L\u00edder Cubano y el 52 Aniversario del Establecimiento de Relaciones Diplom\u00e1ticas de la Rep\u00fablica \u00c1rabe Siria y la Rep\u00fablica de Cuba.<\/p>\n<p>Indic\u00f3 que Fidel ha sido protagonista e inspirador de hechos trascendentales en Cuba y otras partes del mundo, convirti\u00e9ndose en un destacado pensador y luchador respetado y admirado universalmente por los grandes logros alcanzados al frente de su pueblo, cuya obra es ejemplo para todos los que luchan por un mundo mejor.<\/p>\n<p>Agreg\u00f3 que a pesar de la distancia geogr\u00e1fica, Siria y Cuba est\u00e1n unidos por sentimientos de hermandad, con una historia com\u00fan de lucha por su soberan\u00eda y fuertes v\u00ednculos basados en el respeto mutuo as\u00ed como en coincidencias notables en la arena internacional.<\/p>\n<p>Asimismo, hizo referencia a las relaciones de hermandad que unieron a los l\u00edderes hist\u00f3ricos, Hafez Assad y Fidel Castro, y aprovechamos la ocasi\u00f3n para exigir a los enemigos externos de Siria que pongan fin a la criminal agresi\u00f3n terrorista que por m\u00e1s de 6 a\u00f1os ha sufrido el pueblo sirio.<\/p>\n<p>De igual manera, celebr\u00f3 con el gobierno sirio y su Ej\u00e9rcito los triunfos que junto a sus aliados est\u00e1n obteniendo en el terreno militar y les dese\u00f3 una pronta victoria final sobre sus enemigos terroristas, y esa ser\u00e1 una inmensa contribuci\u00f3n del heroico pueblo de Siria a la Paz Mundial.<\/p>\n<p>Al final, el embajador cubano destac\u00f3 la labor medi\u00e1tica de las corresponsal\u00edas de Prensa Latina y Telesur en Damasco, y entregamos la Distinci\u00f3n F\u00e9lix Elmusa que otorga la UPEC al Corresponsal de la cadena latinoamericana Telesur, Hisham Wanous por su excelente labor difundiendo al mundo la verdad sobre Siria.<\/p>\n<p>A la ceremonia asistieron el embajador de Siria en Cuba, varios embajadores y representantes de las misiones diplom\u00e1ticas en Siria, y representantes de las organizaciones palestinas, adem\u00e1s de figuras acad\u00e9micas, culturales y econ\u00f3micas.<\/p>\n<p>F.M.-Y.K.<\/p>\n","protected":false},"excerpt":{"rendered":"<p>Damasco, SANA La Embajada de la Rep\u00fablica de Cuba en Damasco organiz\u00f3 una recepci\u00f3n con motivo del Cumplea\u00f1os 91 del L\u00edder de la Revoluci\u00f3n Cubana, Fidel Castro, y el 52 Aniversario del Establecimiento de Relaciones Diplom\u00e1ticas de la Rep\u00fablica \u00c1rabe Siria y la Rep\u00fablica de Cuba. Asisti\u00f3 a la ceremonia el miembro de la Direcci\u00f3n &hellip;<\/p>\n","protected":false},"author":1,"featured_media":68622,"comment_status":"closed","ping_status":"closed","sticky":false,"template":"","format":"standard","meta":{"footnotes":""},"categories":[477,476,7541],"tags":[],"class_list":["post-68621","post","type-post","status-publish","format-standard","has-post-thumbnail","","category-noticias-edulcorantes","category-locales","category-ultimas-noticias"],"_links":{"self":[{"href":"https:\/\/archive.sana.sy\/es\/index.php?rest_route=\/wp\/v2\/posts\/68621"}],"collection":[{"href":"https:\/\/archive.sana.sy\/es\/index.php?rest_route=\/wp\/v2\/posts"}],"about":[{"href":"https:\/\/archive.sana.sy\/es\/index.php?rest_route=\/wp\/v2\/types\/post"}],"author":[{"embeddable":true,"href":"https:\/\/archive.sana.sy\/es\/index.php?rest_route=\/wp\/v2\/users\/1"}],"replies":[{"embeddable":true,"href":"https:\/\/archive.sana.sy\/es\/index.php?rest_route=%2Fwp%2Fv2%2Fcomments&post=68621"}],"version-history":[{"count":0,"href":"https:\/\/archive.sana.sy\/es\/index.php?rest_route=\/wp\/v2\/posts\/68621\/revisions"}],"wp:featuredmedia":[{"embeddable":true,"href":"https:\/\/archive.sana.sy\/es\/index.php?rest_route=\/wp\/v2\/media\/68622"}],"wp:attachment":[{"href":"https:\/\/archive.sana.sy\/es\/index.php?rest_route=%2Fwp%2Fv2%2Fmedia&parent=68621"}],"wp:term":[{"taxonomy":"category","embeddable":true,"href":"https:\/\/archive.sana.sy\/es\/index.php?rest_route=%2Fwp%2Fv2%2Fcategories&post=68621"},{"taxonomy":"post_tag","embeddable":true,"href":"https:\/\/archive.sana.sy\/es\/index.php?rest_route=%2Fwp%2Fv2%2Ftags&post=68621"}],"curies":[{"name":"wp","href":"https:\/\/api.w.org\/{rel}","templated":true}]}}