{"id":68628,"date":"2017-08-17T18:55:02","date_gmt":"2017-08-17T15:55:02","guid":{"rendered":"http:\/\/www.sana.sy\/es\/?p=68628"},"modified":"2017-08-17T18:55:02","modified_gmt":"2017-08-17T15:55:02","slug":"al-moallem-siria-y-egipto-enfrentan-a-un-enemigo-comun","status":"publish","type":"post","link":"https:\/\/archive.sana.sy\/es\/?p=68628","title":{"rendered":"Al-Moallem: Siria y Egipto enfrentan a un enemigo com\u00fan"},"content":{"rendered":"<p>Damasco, SANA<\/p>\n<p>El Ministro de Exteriores y Expatriados, Walid Al-Moallem, recibi\u00f3 a la delegaci\u00f3n de la Federaci\u00f3n de C\u00e1maras de Comercio de Egipto que participa en la Feria Internacional de Damasco, encabezada por el presidente de dicha entidad, Ahmed Wakil.<\/p>\n<p>El canciller Al-Moallem dio la bienvenida a la delegaci\u00f3n y destac\u00f3 la relaci\u00f3n hist\u00f3rica entre los pueblos hermanos en Siria y Egipto, haciendo hincapi\u00e9 en la importancia de desarrollar las relaciones econ\u00f3micas entre los dos pa\u00edses.<\/p>\n<p>Al-Moallem dijo que el nivel de participaci\u00f3n de Egipto en la Feria refleja el deseo sincero de los hermanos egipcios en fortalecer los lazos con Siria.<\/p>\n<p>Precis\u00f3 que Siria y Egipto se enfrentan a un enemigo com\u00fan que es el terrorismo y el extremismo, apoyado por potencias regionales e internacionales, lo cual requiere la uni\u00f3n de los esfuerzos para eliminar ese flageo.<\/p>\n<p>F.M.-Y.K.<\/p>\n","protected":false},"excerpt":{"rendered":"<p>Damasco, SANA El Ministro de Exteriores y Expatriados, Walid Al-Moallem, recibi\u00f3 a la delegaci\u00f3n de la Federaci\u00f3n de C\u00e1maras de Comercio de Egipto que participa en la Feria Internacional de Damasco, encabezada por el presidente de dicha entidad, Ahmed Wakil. El canciller Al-Moallem dio la bienvenida a la delegaci\u00f3n y destac\u00f3 la relaci\u00f3n hist\u00f3rica entre &hellip;<\/p>\n","protected":false},"author":1,"featured_media":68629,"comment_status":"closed","ping_status":"closed","sticky":false,"template":"","format":"standard","meta":{"footnotes":""},"categories":[477,476,583],"tags":[],"class_list":["post-68628","post","type-post","status-publish","format-standard","has-post-thumbnail","","category-noticias-edulcorantes","category-locales","category-slide"],"_links":{"self":[{"href":"https:\/\/archive.sana.sy\/es\/index.php?rest_route=\/wp\/v2\/posts\/68628"}],"collection":[{"href":"https:\/\/archive.sana.sy\/es\/index.php?rest_route=\/wp\/v2\/posts"}],"about":[{"href":"https:\/\/archive.sana.sy\/es\/index.php?rest_route=\/wp\/v2\/types\/post"}],"author":[{"embeddable":true,"href":"https:\/\/archive.sana.sy\/es\/index.php?rest_route=\/wp\/v2\/users\/1"}],"replies":[{"embeddable":true,"href":"https:\/\/archive.sana.sy\/es\/index.php?rest_route=%2Fwp%2Fv2%2Fcomments&post=68628"}],"version-history":[{"count":0,"href":"https:\/\/archive.sana.sy\/es\/index.php?rest_route=\/wp\/v2\/posts\/68628\/revisions"}],"wp:featuredmedia":[{"embeddable":true,"href":"https:\/\/archive.sana.sy\/es\/index.php?rest_route=\/wp\/v2\/media\/68629"}],"wp:attachment":[{"href":"https:\/\/archive.sana.sy\/es\/index.php?rest_route=%2Fwp%2Fv2%2Fmedia&parent=68628"}],"wp:term":[{"taxonomy":"category","embeddable":true,"href":"https:\/\/archive.sana.sy\/es\/index.php?rest_route=%2Fwp%2Fv2%2Fcategories&post=68628"},{"taxonomy":"post_tag","embeddable":true,"href":"https:\/\/archive.sana.sy\/es\/index.php?rest_route=%2Fwp%2Fv2%2Ftags&post=68628"}],"curies":[{"name":"wp","href":"https:\/\/api.w.org\/{rel}","templated":true}]}}