{"id":68631,"date":"2017-08-17T19:10:23","date_gmt":"2017-08-17T16:10:23","guid":{"rendered":"http:\/\/www.sana.sy\/es\/?p=68631"},"modified":"2017-08-17T19:10:23","modified_gmt":"2017-08-17T16:10:23","slug":"coalicion-internacional-asesinan-ninos-en-la-provincia-dier-ezzor","status":"publish","type":"post","link":"https:\/\/archive.sana.sy\/es\/?p=68631","title":{"rendered":"Coalici\u00f3n internacional asesinan ni\u00f1os en la provincia Dier Ezzor"},"content":{"rendered":"<p>Dier Ezzor-SANA<\/p>\n<p>S\u00edes ciudadanos perdieron la vida como consecuencia de ataques a\u00e9reos de la coalici\u00f3n internacional contra poblados del campo este de la provincias de Dier Ezzor.<\/p>\n<p>Fuentes locales informaron que aviones b\u00e9licos pertenecientes a la coalici\u00f3n internacional liderada por los EEUU bombardearon en las \u00faltimas 48 horas varios poblados en el campo este de la provincia.<\/p>\n<p>Agregaron que la agresi\u00f3n de la coalici\u00f3n provoc\u00f3 una nueve masacre en la que murieron s\u00edes personas, se\u00f1alando que entre las personas perecidas figuraban tres ni\u00f1os.<\/p>\n<p>\u00a8Los ataques a\u00e9reos causaron adem\u00e1s da\u00f1os materiales en las casas e infraestructura\u00a8, indicaron las fuentes.<\/p>\n<p>Y.K.<\/p>\n","protected":false},"excerpt":{"rendered":"<p>Dier Ezzor-SANA S\u00edes ciudadanos perdieron la vida como consecuencia de ataques a\u00e9reos de la coalici\u00f3n internacional contra poblados del campo este de la provincias de Dier Ezzor. Fuentes locales informaron que aviones b\u00e9licos pertenecientes a la coalici\u00f3n internacional liderada por los EEUU bombardearon en las \u00faltimas 48 horas varios poblados en el campo este de &hellip;<\/p>\n","protected":false},"author":1,"featured_media":68632,"comment_status":"closed","ping_status":"closed","sticky":false,"template":"","format":"standard","meta":{"footnotes":""},"categories":[573,583,7541],"tags":[],"class_list":["post-68631","post","type-post","status-publish","format-standard","has-post-thumbnail","","category-la-realidad-de-los-acontecimientos-en-siria","category-slide","category-ultimas-noticias"],"_links":{"self":[{"href":"https:\/\/archive.sana.sy\/es\/index.php?rest_route=\/wp\/v2\/posts\/68631"}],"collection":[{"href":"https:\/\/archive.sana.sy\/es\/index.php?rest_route=\/wp\/v2\/posts"}],"about":[{"href":"https:\/\/archive.sana.sy\/es\/index.php?rest_route=\/wp\/v2\/types\/post"}],"author":[{"embeddable":true,"href":"https:\/\/archive.sana.sy\/es\/index.php?rest_route=\/wp\/v2\/users\/1"}],"replies":[{"embeddable":true,"href":"https:\/\/archive.sana.sy\/es\/index.php?rest_route=%2Fwp%2Fv2%2Fcomments&post=68631"}],"version-history":[{"count":0,"href":"https:\/\/archive.sana.sy\/es\/index.php?rest_route=\/wp\/v2\/posts\/68631\/revisions"}],"wp:featuredmedia":[{"embeddable":true,"href":"https:\/\/archive.sana.sy\/es\/index.php?rest_route=\/wp\/v2\/media\/68632"}],"wp:attachment":[{"href":"https:\/\/archive.sana.sy\/es\/index.php?rest_route=%2Fwp%2Fv2%2Fmedia&parent=68631"}],"wp:term":[{"taxonomy":"category","embeddable":true,"href":"https:\/\/archive.sana.sy\/es\/index.php?rest_route=%2Fwp%2Fv2%2Fcategories&post=68631"},{"taxonomy":"post_tag","embeddable":true,"href":"https:\/\/archive.sana.sy\/es\/index.php?rest_route=%2Fwp%2Fv2%2Ftags&post=68631"}],"curies":[{"name":"wp","href":"https:\/\/api.w.org\/{rel}","templated":true}]}}