{"id":68634,"date":"2017-08-17T19:42:50","date_gmt":"2017-08-17T16:42:50","guid":{"rendered":"http:\/\/www.sana.sy\/es\/?p=68634"},"modified":"2017-08-17T23:00:40","modified_gmt":"2017-08-17T20:00:40","slug":"ffaa-continuan-ofensiva-militar-contra-daesh-en-dier-ezzor","status":"publish","type":"post","link":"https:\/\/archive.sana.sy\/es\/?p=68634","title":{"rendered":"FFAA contin\u00faan ofensiva militar contra DAESH en Dier Ezzor y liberan m\u00e1s terreno en Hama y Homs"},"content":{"rendered":"<p>Dier Ezzor-SANA<\/p>\n<p>Unidades del ej\u00e9rcito chocaron hoy con grupos terroristas del EIIL en los ejes de Rshdieh, Maqaber y el aeropuerto militar de Dier Ezzor. \u00a8Los enfrentamientos terminaron con la muerte de un n\u00famero indeterminado de terroristas\u00a8, seg\u00fan inform\u00f3 el corresponsal de la agencia.<\/p>\n<p>En paralelo, aviones de combate de la Fuerza A\u00e9rea bombardearon centros de concentraci\u00f3n y sedes de la organizaci\u00f3n terrorista en los barrios de Rshdieh y Hwieqa, y en el poblado de Masrab as\u00ed como en las inmediaciones del regimiento 137 y el yacimiento de Tiem, la zona de Mawared, y el panorama.<\/p>\n<p>El corresponsal confirm\u00f3 que las incursiones a\u00e9reas culminaron con la muerte de un n\u00famero de terroristas y la destrucci\u00f3n de sus veh\u00edculos, armas y municiones.<\/p>\n<p>Por otro lado, fuentes locales del poblado de Heri, dijeron que un grupo de pobladores atac\u00f3 a una sede del EIIL en la autopista internacional de Albukamal, donde estaban reunidos varios cabecillas de DAESH, se\u00f1alando que los pobladores lograron en el ataque, acabar con dos cabecillas e herir a otros.<\/p>\n<p><span style=\"color: #0000ff\">Raqa<\/span><\/p>\n<p>Una fuente militar inform\u00f3 que el ej\u00e9rcito secundado por fuerzas populares liber\u00f3 la f\u00e1brica de gas de Twienan y varios yacimientos en el campo sur de la provincia de Raqa<\/p>\n<p><span style=\"color: #0000ff\">Hama<\/span><\/p>\n<p>Una fuente militar anunci\u00f3 que el ej\u00e9rcito retom\u00f3 el control de varios picos estrat\u00e9gicos en el campo este de la provincia.<\/p>\n<p>Agreg\u00f3 que las fuerzas armadas liberaron 13 kil\u00f3metros de la carretera de Athreya-Twienan<\/p>\n<p>Y.K.<\/p>\n","protected":false},"excerpt":{"rendered":"<p>Dier Ezzor-SANA Unidades del ej\u00e9rcito chocaron hoy con grupos terroristas del EIIL en los ejes de Rshdieh, Maqaber y el aeropuerto militar de Dier Ezzor. \u00a8Los enfrentamientos terminaron con la muerte de un n\u00famero indeterminado de terroristas\u00a8, seg\u00fan inform\u00f3 el corresponsal de la agencia. En paralelo, aviones de combate de la Fuerza A\u00e9rea bombardearon centros &hellip;<\/p>\n","protected":false},"author":1,"featured_media":68635,"comment_status":"closed","ping_status":"closed","sticky":false,"template":"","format":"standard","meta":{"footnotes":""},"categories":[573,583],"tags":[],"class_list":["post-68634","post","type-post","status-publish","format-standard","has-post-thumbnail","","category-la-realidad-de-los-acontecimientos-en-siria","category-slide"],"_links":{"self":[{"href":"https:\/\/archive.sana.sy\/es\/index.php?rest_route=\/wp\/v2\/posts\/68634"}],"collection":[{"href":"https:\/\/archive.sana.sy\/es\/index.php?rest_route=\/wp\/v2\/posts"}],"about":[{"href":"https:\/\/archive.sana.sy\/es\/index.php?rest_route=\/wp\/v2\/types\/post"}],"author":[{"embeddable":true,"href":"https:\/\/archive.sana.sy\/es\/index.php?rest_route=\/wp\/v2\/users\/1"}],"replies":[{"embeddable":true,"href":"https:\/\/archive.sana.sy\/es\/index.php?rest_route=%2Fwp%2Fv2%2Fcomments&post=68634"}],"version-history":[{"count":0,"href":"https:\/\/archive.sana.sy\/es\/index.php?rest_route=\/wp\/v2\/posts\/68634\/revisions"}],"wp:featuredmedia":[{"embeddable":true,"href":"https:\/\/archive.sana.sy\/es\/index.php?rest_route=\/wp\/v2\/media\/68635"}],"wp:attachment":[{"href":"https:\/\/archive.sana.sy\/es\/index.php?rest_route=%2Fwp%2Fv2%2Fmedia&parent=68634"}],"wp:term":[{"taxonomy":"category","embeddable":true,"href":"https:\/\/archive.sana.sy\/es\/index.php?rest_route=%2Fwp%2Fv2%2Fcategories&post=68634"},{"taxonomy":"post_tag","embeddable":true,"href":"https:\/\/archive.sana.sy\/es\/index.php?rest_route=%2Fwp%2Fv2%2Ftags&post=68634"}],"curies":[{"name":"wp","href":"https:\/\/api.w.org\/{rel}","templated":true}]}}